{"id":79431,"date":"2020-03-18T11:58:00","date_gmt":"2020-03-18T15:58:00","guid":{"rendered":"https:\/\/linitiative.ca\/International\/enseignement-de-tamazight-le-ministre-de-leducation-evoque-les-mesures-adoptees\/"},"modified":"2020-03-18T11:58:00","modified_gmt":"2020-03-18T15:58:00","slug":"enseignement-de-tamazight-le-ministre-de-leducation-evoque-les-mesures-adoptees","status":"publish","type":"post","link":"https:\/\/linitiative.ca\/International\/enseignement-de-tamazight-le-ministre-de-leducation-evoque-les-mesures-adoptees\/","title":{"rendered":"ENSEIGNEMENT DE TAMAZIGHT  : Le ministre de l&rsquo;Education \u00e9voque les mesures adopt\u00e9es"},"content":{"rendered":"<p><br id=\"sep_para_1\" class=\"sep_para access\"\/><\/p>\n<div id=\"para_1\" class=\"para_36017508 resize\">\n<div class=\"texte access firstletter\">La relance de la commission mixte entre le minist\u00e8re de l&rsquo;Education nationale et le Haut Commissariat \u00e0 l&rsquo;Amazighit\u00e9 (HCA) a \u00e9t\u00e9 \u00e9voqu\u00e9e lors d&rsquo;une rencontre entre le ministre du secteur, Mohamed Ouadjaout, et le secr\u00e9taire g\u00e9n\u00e9ral du HCA, Si El-Hachemi Assad, ayant port\u00e9 sur les mesures particuli\u00e8res relatives \u00e0 la situation de l&rsquo;enseignement de tamazight, indique mardi un communiqu\u00e9 du HCA. M.Ouadjaout a re\u00e7u une d\u00e9l\u00e9gation du HCA conduite par M. Assad, \u00ab\u00a0en vue de relancer la commission mixte entre les deux institutions et de discuter des mesures particuli\u00e8res relatives \u00e0 la situation de l&rsquo;enseignement de tamazight dans toutes ses vari\u00e9t\u00e9s, \u00e0 son am\u00e9lioration et sa prise en charge effective en synergie MEN\/HCA selon un plan national consensuel allant dans l&rsquo;optique du plan du gouvernement r\u00e9cemment adopt\u00e9\u00a0\u00bb, pr\u00e9cise le communiqu\u00e9. Lors de cette premi\u00e8re rencontre, qui a eu lundi, les \u00e9changes ont port\u00e9 sur \u00ab\u00a0tous les aspects du dossier de l&rsquo;enseignement de tamazight depuis son introduction dans le syst\u00e8me \u00e9ducatif en 1995\u00a0\u00bb.\u00a0 M.Assad a fait une synth\u00e8se sur son \u00e9volution, dans laquelle il a soulev\u00e9 \u00ab\u00a0les difficult\u00e9s administratives, p\u00e9dagogiques et morales qui perturbent le bon fonctionnement de l&rsquo;enseignement de tamazight, notamment dans les nouvelles wilayas o\u00f9 il a \u00e9t\u00e9 introduit et a plaid\u00e9 pour la n\u00e9cessit\u00e9 de la relance de la commission mixte, cadre idoine pour un meilleur suivi et une meilleure prise en charge\u00a0\u00bb, souligne la m\u00eame source. Le ministre, \u00ab\u00a0dans les limites de ses attributions constitutionnelles, notamment celles relatives \u00e0 la prise en charge p\u00e9dagogique de la langue amazighe dans toutes ses variantes, et compte tenu des difficult\u00e9s actuelles li\u00e9es \u00e0 l&rsquo;am\u00e9nagement, l&rsquo;enseignement et au d\u00e9veloppement de cette langue nationale et officielle, a exprim\u00e9 son accord de principe\u00a0\u00bb.\u00a0\u00a0\u00a0\u00a0\u00a0\u00a0\u00a0\u00a0\u00a0\u00a0\u00a0\u00a0\u00a0\u00a0\u00a0\u00a0\u00a0\u00a0\u00a0\u00a0\u00a0\u00a0\u00a0\u00a0\u00a0\u00a0\u00a0\u00a0\u00a0<\/div>\n<\/div>\n<p>Auteur: Nadine<br \/>\n<a href=\"https:\/\/www.reflexiondz.net\/ENSEIGNEMENT-DE-TAMAZIGHT-Le-ministre-de-l-Education-evoque-les-mesures-adoptees_a61368.html\">Cliquez ici pour lire l&rsquo;article depuis sa source.<\/a><\/p>\n","protected":false},"excerpt":{"rendered":"<p>La relance de la commission mixte entre le minist\u00e8re de l&rsquo;Education nationale et le Haut Commissariat \u00e0 l&rsquo;Amazighit\u00e9 (HCA) a \u00e9t\u00e9 \u00e9voqu\u00e9e lors d&rsquo;une rencontre entre le ministre du secteur, Mohamed Ouadjaout, et le secr\u00e9taire g\u00e9n\u00e9ral du HCA, Si El-Hachemi Assad, ayant port\u00e9 sur les mesures particuli\u00e8res relatives \u00e0 la situation de l&rsquo;enseignement de tamazight, [&hellip;]<\/p>\n","protected":false},"author":1740,"featured_media":0,"comment_status":"closed","ping_status":"closed","sticky":false,"template":"","format":"standard","meta":{"fifu_image_url":"","fifu_image_alt":"","footnotes":""},"categories":[53,76],"tags":[],"class_list":["post-79431","post","type-post","status-publish","format-standard","hentry","category-algerie","category-regions"],"_links":{"self":[{"href":"https:\/\/linitiative.ca\/International\/wp-json\/wp\/v2\/posts\/79431","targetHints":{"allow":["GET"]}}],"collection":[{"href":"https:\/\/linitiative.ca\/International\/wp-json\/wp\/v2\/posts"}],"about":[{"href":"https:\/\/linitiative.ca\/International\/wp-json\/wp\/v2\/types\/post"}],"author":[{"embeddable":true,"href":"https:\/\/linitiative.ca\/International\/wp-json\/wp\/v2\/users\/1740"}],"replies":[{"embeddable":true,"href":"https:\/\/linitiative.ca\/International\/wp-json\/wp\/v2\/comments?post=79431"}],"version-history":[{"count":0,"href":"https:\/\/linitiative.ca\/International\/wp-json\/wp\/v2\/posts\/79431\/revisions"}],"wp:attachment":[{"href":"https:\/\/linitiative.ca\/International\/wp-json\/wp\/v2\/media?parent=79431"}],"wp:term":[{"taxonomy":"category","embeddable":true,"href":"https:\/\/linitiative.ca\/International\/wp-json\/wp\/v2\/categories?post=79431"},{"taxonomy":"post_tag","embeddable":true,"href":"https:\/\/linitiative.ca\/International\/wp-json\/wp\/v2\/tags?post=79431"}],"curies":[{"name":"wp","href":"https:\/\/api.w.org\/{rel}","templated":true}]}}