{"id":79432,"date":"2020-03-18T14:26:00","date_gmt":"2020-03-18T18:26:00","guid":{"rendered":"https:\/\/linitiative.ca\/International\/rabah-madjer-bientot-devant-la-justice\/"},"modified":"2020-03-18T14:26:00","modified_gmt":"2020-03-18T18:26:00","slug":"rabah-madjer-bientot-devant-la-justice","status":"publish","type":"post","link":"https:\/\/linitiative.ca\/International\/rabah-madjer-bientot-devant-la-justice\/","title":{"rendered":"Rabah Madjer bient\u00f4t devant la justice !"},"content":{"rendered":"<p><br id=\"sep_para_1\" class=\"sep_para access\"\/><\/p>\n<div id=\"para_1\" class=\"para_36020483 resize\">\n<div class=\"photo shadow left\"><a href=\"javascript:void(0)\" rel=\"https:\/\/www.reflexiondz.net\/photo\/art\/grande\/43774218-36020483.jpg?v=1584557248&amp;ibox\" title=\"Rabah Madjer bient\u00f4t devant la justice !\"><img decoding=\"async\" class=\"responsive c9\" src=\"https:\/\/www.reflexiondz.net\/photo\/art\/grande\/43774218-36020483.jpg?v=1584557248\" alt=\"Rabah Madjer bient\u00f4t devant la justice !\" title=\"Rabah Madjer bient\u00f4t devant la justice !\"\/><img decoding=\"async\" class=\"not-responsive\" src=\"https:\/\/www.reflexiondz.net\/photo\/art\/default\/43774218-36020483.jpg?v=1584557249\" alt=\"Rabah Madjer bient\u00f4t devant la justice !\" title=\"Rabah Madjer bient\u00f4t devant la justice !\"\/><\/a><\/div>\n<div class=\"texte access firstletter\">Impliqu\u00e9 dans\u00a0 une affaire d\u2019octroi ill\u00e9gal de publicit\u00e9 par l\u2019ANEP \u00e0 ses deux\u00a0 d\u00e9funts journaux El Balagh et El Balagh Erriadhi \u00e9dit\u00e9s par la SARL Bahia Presse \u00e0 Oran, l\u2019ancien s\u00e9lectionneur\u00a0 nationale de football, Rabah Madjer va bient\u00f4t\u00a0 faire face \u00e0 la justice. En effet,\u00a0 l\u2019Entreprise nationale de communication d\u2019\u00e9dition et de publicit\u00e9 (ANEP) a apport\u00e9, dans un communiqu\u00e9, des pr\u00e9cisions suite \u00e0 l\u2019information faisant \u00e9tat de l\u2019octroi de la publicit\u00e9 ANEP aux journaux El Balagh et El Balagh Erriadhi appartenant \u00e0 l\u2019ex-international et entra\u00eeneur alg\u00e9rien Rabah Madjer . \u00ab Suite \u00e0 l\u2019information faisant \u00e9tat de l\u2019octroi de la publicit\u00e9 ANEP aux journaux El Balagh et El Balagh Erriadi \u00bb, la Direction g\u00e9n\u00e9rale ANEP-EPE\/SPA a\u00a0 indiqu\u00e9 que \u00ab le 2 f\u00e9vrier 2020, il avait \u00e9t\u00e9 constat\u00e9 que la Sarl Bahia Presse, conventionn\u00e9e avec l\u2019ANEP-URP Oran en date du 09\/08\/2016 pour ses deux journaux paraissant \u00e0 l\u2019Ouest du pays, avait proc\u00e9d\u00e9 \u00e0 la dissolution de son entreprise le 3\/11\/2019 sans aviser le contractant (ANEP-EPE\/SPA) \u00bb, a indiqu\u00e9 le communiqu\u00e9. \u00ab Prenant effet de ce constat, la Direction g\u00e9n\u00e9rale a suspendu sur-le-champ toute attribution d\u2019encarts publicitaires auxdits journaux tout en informant la tutelle et les services concern\u00e9s de cette situation ill\u00e9gale \u00bb Affirmant\u00a0 \u00ab qu\u2019aucun paiement depuis octobre 2019 (soit la somme de 11 328 800,00 DA) n\u2019a \u00e9t\u00e9 effectu\u00e9 \u00e0 ladite Sarl dissoute malgr\u00e9 moult r\u00e9clamations de sa part \u00bb, ajoutant que \u00ab les factures susmentionn\u00e9es ont \u00e9t\u00e9 bloqu\u00e9es \u00bb. Une enqu\u00eate interne a \u00e9t\u00e9 diligent\u00e9e et un rapport d\u2019audit est en cours. Une plainte sera d\u00e9pos\u00e9e aupr\u00e8s du tribunal, conclut le communiqu\u00e9.<\/div>\n<\/div>\n<p>Auteur: R\u00e9flexion<br \/>\n<a href=\"https:\/\/www.reflexiondz.net\/Rabah-Madjer-bientot-devant-la-justice-_a61371.html\">Cliquez ici pour lire l&rsquo;article depuis sa source.<\/a><\/p>\n","protected":false},"excerpt":{"rendered":"<p>Impliqu\u00e9 dans\u00a0 une affaire d\u2019octroi ill\u00e9gal de publicit\u00e9 par l\u2019ANEP \u00e0 ses deux\u00a0 d\u00e9funts journaux El Balagh et El Balagh Erriadhi \u00e9dit\u00e9s par la SARL Bahia Presse \u00e0 Oran, l\u2019ancien s\u00e9lectionneur\u00a0 nationale de football, Rabah Madjer va bient\u00f4t\u00a0 faire face \u00e0 la justice. En effet,\u00a0 l\u2019Entreprise nationale de communication d\u2019\u00e9dition et de publicit\u00e9 (ANEP) a [&hellip;]<\/p>\n","protected":false},"author":1740,"featured_media":0,"comment_status":"closed","ping_status":"closed","sticky":false,"template":"","format":"standard","meta":{"fifu_image_url":"","fifu_image_alt":"","footnotes":""},"categories":[53,76],"tags":[],"class_list":["post-79432","post","type-post","status-publish","format-standard","hentry","category-algerie","category-regions"],"_links":{"self":[{"href":"https:\/\/linitiative.ca\/International\/wp-json\/wp\/v2\/posts\/79432","targetHints":{"allow":["GET"]}}],"collection":[{"href":"https:\/\/linitiative.ca\/International\/wp-json\/wp\/v2\/posts"}],"about":[{"href":"https:\/\/linitiative.ca\/International\/wp-json\/wp\/v2\/types\/post"}],"author":[{"embeddable":true,"href":"https:\/\/linitiative.ca\/International\/wp-json\/wp\/v2\/users\/1740"}],"replies":[{"embeddable":true,"href":"https:\/\/linitiative.ca\/International\/wp-json\/wp\/v2\/comments?post=79432"}],"version-history":[{"count":0,"href":"https:\/\/linitiative.ca\/International\/wp-json\/wp\/v2\/posts\/79432\/revisions"}],"wp:attachment":[{"href":"https:\/\/linitiative.ca\/International\/wp-json\/wp\/v2\/media?parent=79432"}],"wp:term":[{"taxonomy":"category","embeddable":true,"href":"https:\/\/linitiative.ca\/International\/wp-json\/wp\/v2\/categories?post=79432"},{"taxonomy":"post_tag","embeddable":true,"href":"https:\/\/linitiative.ca\/International\/wp-json\/wp\/v2\/tags?post=79432"}],"curies":[{"name":"wp","href":"https:\/\/api.w.org\/{rel}","templated":true}]}}