{"id":79437,"date":"2020-03-18T15:52:55","date_gmt":"2020-03-18T19:52:55","guid":{"rendered":"https:\/\/linitiative.ca\/International\/la-france-en-quarantaine\/"},"modified":"2020-03-18T15:52:55","modified_gmt":"2020-03-18T19:52:55","slug":"la-france-en-quarantaine","status":"publish","type":"post","link":"https:\/\/linitiative.ca\/International\/la-france-en-quarantaine\/","title":{"rendered":"La France en quarantaine"},"content":{"rendered":"<p><strong>C\u2019est d\u00e9sormais tous les Fran\u00e7ais qui sont clo\u00eetr\u00e9s chez eux pour se pr\u00e9munir contre le Covid-19 sur ordre du pr\u00e9sident Manuel Macron. Vu la gravit\u00e9 de la propagation de la pand\u00e9mie, Macron a qualifi\u00e9 de \u00ab\u00a0guerre\u00a0\u00bb le combat men\u00e9 par son pays contre la pand\u00e9mie qui a touch\u00e9 7 730 personnes et fait 175 morts tandis que seulement 602 personnes se sont r\u00e9tablies.<br \/><\/strong> Dans ce discours, le pr\u00e9sident fran\u00e7ais exhortait la population\u00a0d\u2019\u00e9viter au maximum de sortir sauf en cas de force majeure.<br \/>Parmi les cas force majeure figurent les travailleurs qui ne peuvent effectuer le t\u00e9l\u00e9 travail (travail \u00e0 distance) ou bien ceux qui sortent pour des courses n\u00e9cessaires comme les m\u00e9dicaments.<br \/>N\u00e9anmoins, ceux qui doivent sortir doivent obligatoirement \u00eatre autoris\u00e9s et munis d\u2019une attestation.<br \/>Cette derni\u00e8re est imp\u00e9rativement imprim\u00e9e du site internet du gouvernement et remplie par son titulaire et sur laquelle il doit signaler son nom, son pr\u00e9nom, son adresse et pr\u00e9ciser la raison de sa sortie.<br \/>Dans le cas contraire, une contravention de 38 \u00e0 135 euros sera inflig\u00e9e au contrevenant.\u00a0<br \/>Au lendemain de ce discours, o\u00f9 il a \u00e9t\u00e9 question de confinement \u00e0 partir de mardi \u00e0 12 heures, les fran\u00e7ais se sont dirig\u00e9s vers les magasins pour faire leurs derni\u00e8res courses et s\u2019approvisionner en denr\u00e9es alimentaires.<br \/>Des cha\u00eenes se formaient devant chaque magasin et une distance de plus d\u2019un m\u00e8tre a \u00e9t\u00e9 respect\u00e9e entre chaque individu.<br \/>Parmi ces consommateurs se trouvait N. Ahmed, un r\u00e9sidant de nationalit\u00e9 alg\u00e9rienne, qui a affirm\u00e9 au <em>Jeune Ind\u00e9pendant<\/em>\u00a0: \u00ab\u00a0Je viens comme tout le monde faire mes courses et rentrer chez moi. Nous suivons et respectons \u00e0 la lettre les consignes du gouvernement\u00a0\u00bb. Et d\u2019ajouter\u00a0: \u00ab\u00a0Il nous a \u00e9t\u00e9 demand\u00e9 de briser la cha\u00eene de contamination de ce virus et nous n\u2019avons de choix que d\u2019ex\u00e9cuter ces recommandations en observant le confinement.\u00a0\u00bb<br \/>Concernant les courses, Ahmed pr\u00e9cise\u00a0: \u00ab\u00a0Nous ne nous bousculons pas et nous ne paniquons pas. Nous prenons ce dont nous avons besoin, c\u2019est tout\u00a0\u00bb .<br \/>Rencontr\u00e9 dans le m\u00eame quartier, de la banlieue parisienne, un p\u00e8re de famille alg\u00e9rien qui avait fini ses courses, E. Madjid, pour sa part indiqu\u00e9 au <em>Jeune Ind\u00e9pendant<\/em> \u00ab\u00a0qu\u2019il faut d\u2019abord avoir la foi en Dieu et qu\u2019il faut juste faire ce que recommande le gouvernement fran\u00e7ais\u00a0\u00bb.<br \/>Il a aussi rappel\u00e9 les formules de pr\u00e9vention recommand\u00e9es par les autorit\u00e9s sanitaires \u00e0 savoir\u00a0: se laver les mains plusieurs fois par jour, ne pas se serrer la main, ne pas s\u2019embrasser, ne pas rendre visite \u00e0 la famille et ne pas se rassembler.<br \/>Il ajoute, un sourire sur les l\u00e8vres\u00a0: \u00ab\u00a0Cela nous permet de passer plus de temps \u00e0 la maison avec les enfants, et profiter de ce temps avec eux.\u00a0\u00bb.<br \/>Le pr\u00e9sident Macron a ordonn\u00e9 un confinement de 15 jours renouvelable si la situation l\u2019exige.<br \/>Il a fait savoir qu\u2019\u00e0 partir de mercredi les pharmacies seront \u00e9quip\u00e9es de gel hydro-alcoolique et de masques, qui ont disparu des officines r\u00e9cemment, compte tenu du fait qu\u2019ils ont \u00e9t\u00e9 r\u00e9serv\u00e9s aux h\u00f4pitaux et aux personnels soignants.\u00a0<\/p>\n<p>Auteur: Boudjedri<br \/>\n<a href=\"http:\/\/www.jeune-independant.net\/La-France-en-quarantaine.html\">Cliquez ici pour lire l&rsquo;article depuis sa source.<\/a><\/p>\n","protected":false},"excerpt":{"rendered":"<p>C\u2019est d\u00e9sormais tous les Fran\u00e7ais qui sont clo\u00eetr\u00e9s chez eux pour se pr\u00e9munir contre le Covid-19 sur ordre du pr\u00e9sident Manuel Macron. Vu la gravit\u00e9 de la propagation de la pand\u00e9mie, Macron a qualifi\u00e9 de \u00ab\u00a0guerre\u00a0\u00bb le combat men\u00e9 par son pays contre la pand\u00e9mie qui a touch\u00e9 7 730 personnes et fait 175 morts [&hellip;]<\/p>\n","protected":false},"author":1737,"featured_media":0,"comment_status":"closed","ping_status":"closed","sticky":false,"template":"","format":"standard","meta":{"fifu_image_url":"","fifu_image_alt":"","footnotes":""},"categories":[73,53],"tags":[],"class_list":["post-79437","post","type-post","status-publish","format-standard","hentry","category-actualite","category-algerie"],"_links":{"self":[{"href":"https:\/\/linitiative.ca\/International\/wp-json\/wp\/v2\/posts\/79437","targetHints":{"allow":["GET"]}}],"collection":[{"href":"https:\/\/linitiative.ca\/International\/wp-json\/wp\/v2\/posts"}],"about":[{"href":"https:\/\/linitiative.ca\/International\/wp-json\/wp\/v2\/types\/post"}],"author":[{"embeddable":true,"href":"https:\/\/linitiative.ca\/International\/wp-json\/wp\/v2\/users\/1737"}],"replies":[{"embeddable":true,"href":"https:\/\/linitiative.ca\/International\/wp-json\/wp\/v2\/comments?post=79437"}],"version-history":[{"count":0,"href":"https:\/\/linitiative.ca\/International\/wp-json\/wp\/v2\/posts\/79437\/revisions"}],"wp:attachment":[{"href":"https:\/\/linitiative.ca\/International\/wp-json\/wp\/v2\/media?parent=79437"}],"wp:term":[{"taxonomy":"category","embeddable":true,"href":"https:\/\/linitiative.ca\/International\/wp-json\/wp\/v2\/categories?post=79437"},{"taxonomy":"post_tag","embeddable":true,"href":"https:\/\/linitiative.ca\/International\/wp-json\/wp\/v2\/tags?post=79437"}],"curies":[{"name":"wp","href":"https:\/\/api.w.org\/{rel}","templated":true}]}}