{"id":79438,"date":"2020-03-18T16:01:24","date_gmt":"2020-03-18T20:01:24","guid":{"rendered":"https:\/\/linitiative.ca\/International\/covid-19-de-nouveaux-cas-confirmes-et-un-deces\/"},"modified":"2020-03-18T16:01:24","modified_gmt":"2020-03-18T20:01:24","slug":"covid-19-de-nouveaux-cas-confirmes-et-un-deces","status":"publish","type":"post","link":"https:\/\/linitiative.ca\/International\/covid-19-de-nouveaux-cas-confirmes-et-un-deces\/","title":{"rendered":"Covid-19 : De nouveaux cas confirm\u00e9s et un d\u00e9c\u00e8s"},"content":{"rendered":"<p>La pand\u00e9mie de coronavirus progresse de plus en plus en Alg\u00e9rie. On compte d\u00e9sormais 72 cas confirm\u00e9s et 6 d\u00e9c\u00e8s, selon un dernier bilan du minist\u00e8re de la Sant\u00e9, de la Population et de la R\u00e9forme hospitali\u00e8re rendu public ce mercredi.<br \/>\u00ab\u00a0Le minist\u00e8re de la Sant\u00e9 a notifi\u00e9 douze (12) nouveaux cas confirm\u00e9s du virus corona (Covid-19), dont un (1) nouveau d\u00e9c\u00e8s, un homme \u00e2g\u00e9 de 62 ans dans la wilaya de Blida, pour atteindre un total de soixante-douze (72) cas confirm\u00e9s dont six (6) d\u00e9c\u00e8s\u00a0\u00bb, pr\u00e9cise le minist\u00e8re dans un communiqu\u00e9.<br \/>Le patient d\u00e9c\u00e9d\u00e9 \u00e9tait, selon le communiqu\u00e9, atteint d\u2019une maladie chronique. Il s\u2019agit d\u2019un des proches des premi\u00e8res victimes du COVID-19 de la wilaya de Blida, une femme de 54 ans et ses trois filles, elles-m\u00eames contamin\u00e9es par un \u00e9migr\u00e9 de 83 ans et sa fille ayant s\u00e9journ\u00e9 en Alg\u00e9rie \u00e0 la mi-f\u00e9vrier \u00e0 l\u2019occasion d\u2019une f\u00eate de mariage dans la commune de Beni Mered.<br \/>En ce qui concerne les nouveaux cas, le minist\u00e8re de la Sant\u00e9 a fait savoir qu\u2019il s\u2019agit de quatre cas dans la wilaya d\u2019Alger, quatre dans la wilaya de Blida, un dans la wilaya de Bejaia, un dans la wilaya de Skikda, un dans la wilaya de Tizi-Ouzou et un cas dans la wilaya de M\u00e9d\u00e9a.<br \/>Parmi les cas confirm\u00e9s hier, figurent deux pharmaciens d\u2019officine de 34 et 42 ans exer\u00e7ant dans la wilaya de Blida.<br \/>Rappelant que l\u2019enqu\u00eate \u00e9pid\u00e9miologique effectu\u00e9e a conclu que l\u2019\u00e9picentre de l\u2019\u00e9pid\u00e9mie en Alg\u00e9rie se situe \u00e0 Blida.<br \/>Le minist\u00e8re de la Sant\u00e9 a soulign\u00e9 \u00e9galement que l\u2019enqu\u00eate \u00e9pid\u00e9miologique se poursuit pour retrouver et identifier toutes les personnes ayant \u00e9t\u00e9 en contact avec les patients. Il a ajout\u00e9 que le dispositif de veille et d\u2019alerte mis en place demeure en vigueur et que la mobilisation des \u00e9quipes de sant\u00e9 est \u00e0 son plus haut niveau.<br \/>Dans son discours adress\u00e9 \u00e0 la nation, le pr\u00e9sident de la R\u00e9publique, Abdelmadjid Tebboune, a indiqu\u00e9 que le pays disposait d\u2019un stock de 15,5 millions de masques de protection, de 6 000 tests de d\u00e9pistage, en plus de 15 000 autres en voie d\u2019acquisition. Il a affirm\u00e9 notamment la disponibilit\u00e9 de plus de 2 500 lits de r\u00e9animation, un nombre appel\u00e9 \u00e0 augmenter en cas de n\u00e9cessit\u00e9 pour atteindre 6 000 lits avec la garantie de 5 000 respirateurs artificiels.<br \/>M.\u00a0Tebboune a rassur\u00e9 quant \u00e0 la capacit\u00e9 de mobiliser des moyens de l\u2019arm\u00e9e et l\u2019utilisation \u00ab\u00a0si n\u00e9cessaire\u00a0\u00bb de certaines infrastructures publiques comme centres de confinement.<br \/>Il convient de noter qu\u2019Air Alg\u00e9rie a effectu\u00e9 hier quatre vols pour rapatrier les Alg\u00e9riens bloqu\u00e9s en France \u00e0 cause du Covid-19.<br \/>Plus de 208 000 cas du nouveau coronavirus \u00e9taient recens\u00e9s dans le monde depuis le d\u00e9but de la pand\u00e9mie en d\u00e9cembre. Ce chiffre ne refl\u00e8te qu\u2019une partie du nombre de cas r\u00e9els, du fait de la politique de d\u00e9pistage adopt\u00e9e par beaucoup de pays consistant \u00e0 ne tester que les cas n\u00e9cessitant une hospitalisation.<br \/>Parmi les personnes contamin\u00e9es, 83 000 sont aujourd\u2019hui consid\u00e9r\u00e9es comme gu\u00e9ries et 8.280 sont d\u00e9c\u00e9d\u00e9es.<\/p>\n<p>Auteur: Boudjedri<br \/>\n<a href=\"http:\/\/www.jeune-independant.net\/Covid-19-De-nouveaux-cas-confirmes.html\">Cliquez ici pour lire l&rsquo;article depuis sa source.<\/a><\/p>\n","protected":false},"excerpt":{"rendered":"<p>La pand\u00e9mie de coronavirus progresse de plus en plus en Alg\u00e9rie. On compte d\u00e9sormais 72 cas confirm\u00e9s et 6 d\u00e9c\u00e8s, selon un dernier bilan du minist\u00e8re de la Sant\u00e9, de la Population et de la R\u00e9forme hospitali\u00e8re rendu public ce mercredi.\u00ab\u00a0Le minist\u00e8re de la Sant\u00e9 a notifi\u00e9 douze (12) nouveaux cas confirm\u00e9s du virus corona [&hellip;]<\/p>\n","protected":false},"author":1737,"featured_media":0,"comment_status":"closed","ping_status":"closed","sticky":false,"template":"","format":"standard","meta":{"fifu_image_url":"","fifu_image_alt":"","footnotes":""},"categories":[73,53],"tags":[],"class_list":["post-79438","post","type-post","status-publish","format-standard","hentry","category-actualite","category-algerie"],"_links":{"self":[{"href":"https:\/\/linitiative.ca\/International\/wp-json\/wp\/v2\/posts\/79438","targetHints":{"allow":["GET"]}}],"collection":[{"href":"https:\/\/linitiative.ca\/International\/wp-json\/wp\/v2\/posts"}],"about":[{"href":"https:\/\/linitiative.ca\/International\/wp-json\/wp\/v2\/types\/post"}],"author":[{"embeddable":true,"href":"https:\/\/linitiative.ca\/International\/wp-json\/wp\/v2\/users\/1737"}],"replies":[{"embeddable":true,"href":"https:\/\/linitiative.ca\/International\/wp-json\/wp\/v2\/comments?post=79438"}],"version-history":[{"count":0,"href":"https:\/\/linitiative.ca\/International\/wp-json\/wp\/v2\/posts\/79438\/revisions"}],"wp:attachment":[{"href":"https:\/\/linitiative.ca\/International\/wp-json\/wp\/v2\/media?parent=79438"}],"wp:term":[{"taxonomy":"category","embeddable":true,"href":"https:\/\/linitiative.ca\/International\/wp-json\/wp\/v2\/categories?post=79438"},{"taxonomy":"post_tag","embeddable":true,"href":"https:\/\/linitiative.ca\/International\/wp-json\/wp\/v2\/tags?post=79438"}],"curies":[{"name":"wp","href":"https:\/\/api.w.org\/{rel}","templated":true}]}}