{"id":79450,"date":"2020-03-18T14:00:07","date_gmt":"2020-03-18T18:00:07","guid":{"rendered":"https:\/\/linitiative.ca\/International\/credit-agricole-du-maroc-consacre-50-de-son-resultat-annuel-au-fonds-dedie-au-covid-19\/"},"modified":"2020-03-18T14:00:07","modified_gmt":"2020-03-18T18:00:07","slug":"credit-agricole-du-maroc-consacre-50-de-son-resultat-annuel-au-fonds-dedie-au-covid-19","status":"publish","type":"post","link":"https:\/\/linitiative.ca\/International\/credit-agricole-du-maroc-consacre-50-de-son-resultat-annuel-au-fonds-dedie-au-covid-19\/","title":{"rendered":"Cr\u00e9dit Agricole du Maroc consacre 50% de son r\u00e9sultat annuel au Fonds d\u00e9di\u00e9 au Covid-19"},"content":{"rendered":"<div><img loading=\"lazy\" decoding=\"async\" width=\"659\" height=\"343\" src=\"https:\/\/www.challenge.ma\/wp-content\/uploads\/2020\/03\/01B362DD-522D-4244-91ED-E157F9340897.jpeg\" class=\"attachment-post-thumbnail size-post-thumbnail wp-post-image\" alt=\"\" srcset=\"https:\/\/www.challenge.ma\/wp-content\/uploads\/2020\/03\/01B362DD-522D-4244-91ED-E157F9340897.jpeg 659w, https:\/\/www.challenge.ma\/wp-content\/uploads\/2020\/03\/01B362DD-522D-4244-91ED-E157F9340897-300x156.jpeg 300w, https:\/\/www.challenge.ma\/wp-content\/uploads\/2020\/03\/01B362DD-522D-4244-91ED-E157F9340897-360x187.jpeg 360w\" sizes=\"auto, (max-width: 659px) 100vw, 659px\" itemprop=\"image\">Le Groupe Cr&eacute;dit Agricole du Maroc&nbsp;s&rsquo;inscrit dans l&rsquo;&eacute;lan de solidarit&eacute; initi&eacute; par&nbsp;Sa Majest&eacute; Le Roi Mohammed VI et affecte&nbsp;200 millions de DHS au Fonds pour la gestion du Covid-19&nbsp;soit&nbsp;50% de&nbsp;son r&eacute;sultat annuel. Le Groupe se pr&eacute;pare par ailleurs&nbsp;&agrave; accompagner et soutenir les agriculteurs et le monde rural face &agrave; la<\/div>\n<p>Auteur: challenge<br \/>\n<a href=\"https:\/\/www.challenge.ma\/credit-agricole-du-maroc-consacre-50-de-son-resultat-annuel-au-fonds-dedie-au-covid-19-132892\/\">Cliquez ici pour lire l&rsquo;article depuis sa source.<\/a><\/p>\n","protected":false},"excerpt":{"rendered":"<p>Le Groupe Cr&eacute;dit Agricole du Maroc&nbsp;s&rsquo;inscrit dans l&rsquo;&eacute;lan de solidarit&eacute; initi&eacute; par&nbsp;Sa Majest&eacute; Le Roi Mohammed VI et affecte&nbsp;200 millions de DHS au Fonds pour la gestion du Covid-19&nbsp;soit&nbsp;50% de&nbsp;son r&eacute;sultat annuel. Le Groupe se pr&eacute;pare par ailleurs&nbsp;&agrave; accompagner et soutenir les agriculteurs et le monde rural face &agrave; la Auteur: challenge Cliquez ici pour [&hellip;]<\/p>\n","protected":false},"author":1787,"featured_media":79451,"comment_status":"closed","ping_status":"closed","sticky":false,"template":"","format":"standard","meta":{"fifu_image_url":"","fifu_image_alt":"","footnotes":""},"categories":[78,54],"tags":[],"class_list":["post-79450","post","type-post","status-publish","format-standard","has-post-thumbnail","hentry","category-economie","category-maroc"],"_links":{"self":[{"href":"https:\/\/linitiative.ca\/International\/wp-json\/wp\/v2\/posts\/79450","targetHints":{"allow":["GET"]}}],"collection":[{"href":"https:\/\/linitiative.ca\/International\/wp-json\/wp\/v2\/posts"}],"about":[{"href":"https:\/\/linitiative.ca\/International\/wp-json\/wp\/v2\/types\/post"}],"author":[{"embeddable":true,"href":"https:\/\/linitiative.ca\/International\/wp-json\/wp\/v2\/users\/1787"}],"replies":[{"embeddable":true,"href":"https:\/\/linitiative.ca\/International\/wp-json\/wp\/v2\/comments?post=79450"}],"version-history":[{"count":0,"href":"https:\/\/linitiative.ca\/International\/wp-json\/wp\/v2\/posts\/79450\/revisions"}],"wp:featuredmedia":[{"embeddable":true,"href":"https:\/\/linitiative.ca\/International\/wp-json\/"}],"wp:attachment":[{"href":"https:\/\/linitiative.ca\/International\/wp-json\/wp\/v2\/media?parent=79450"}],"wp:term":[{"taxonomy":"category","embeddable":true,"href":"https:\/\/linitiative.ca\/International\/wp-json\/wp\/v2\/categories?post=79450"},{"taxonomy":"post_tag","embeddable":true,"href":"https:\/\/linitiative.ca\/International\/wp-json\/wp\/v2\/tags?post=79450"}],"curies":[{"name":"wp","href":"https:\/\/api.w.org\/{rel}","templated":true}]}}