{"id":79456,"date":"2020-03-18T17:02:27","date_gmt":"2020-03-18T21:02:27","guid":{"rendered":"https:\/\/linitiative.ca\/International\/coronavirus-les-propositions-des-parlementaires\/"},"modified":"2020-03-18T17:02:27","modified_gmt":"2020-03-18T21:02:27","slug":"coronavirus-les-propositions-des-parlementaires","status":"publish","type":"post","link":"https:\/\/linitiative.ca\/International\/coronavirus-les-propositions-des-parlementaires\/","title":{"rendered":"Coronavirus : les propositions des parlementaires"},"content":{"rendered":"<div><img loading=\"lazy\" decoding=\"async\" width=\"600\" height=\"400\" src=\"https:\/\/www.challenge.ma\/wp-content\/uploads\/2020\/03\/Abdellah-Bouanou-pr\u00e9sident-de-la-Commission-des-finances-et-du-d\u00e9veloppement-\u00e9conomique-\u00e0-la-Chambre-des-repr\u00e9sentants.jpg\" class=\"attachment-post-thumbnail size-post-thumbnail wp-post-image\" alt=\"\" srcset=\"https:\/\/www.challenge.ma\/wp-content\/uploads\/2020\/03\/Abdellah-Bouanou-pr&eacute;sident-de-la-Commission-des-finances-et-du-d&eacute;veloppement-&eacute;conomique-&agrave;-la-Chambre-des-repr&eacute;sentants.jpg 600w, https:\/\/www.challenge.ma\/wp-content\/uploads\/2020\/03\/Abdellah-Bouanou-pr&eacute;sident-de-la-Commission-des-finances-et-du-d&eacute;veloppement-&eacute;conomique-&agrave;-la-Chambre-des-repr&eacute;sentants-300x200.jpg 300w, https:\/\/www.challenge.ma\/wp-content\/uploads\/2020\/03\/Abdellah-Bouanou-pr&eacute;sident-de-la-Commission-des-finances-et-du-d&eacute;veloppement-&eacute;conomique-&agrave;-la-Chambre-des-repr&eacute;sentants-360x240.jpg 360w\" sizes=\"auto, (max-width: 600px) 100vw, 600px\" itemprop=\"image\">C&rsquo;est au tour des d&eacute;put&eacute;s de formuler des propositions visant &agrave; att&eacute;nuer la crise caus&eacute;e par la propagation du coronavirus. Lors d&rsquo;une r&eacute;union de la Commission des finances et du d&eacute;veloppement &eacute;conomique &agrave; la Chambre des repr&eacute;sentants pour pr&eacute;senter le d&eacute;cret portant cr&eacute;ation d&rsquo;un compte sp&eacute;cial d&eacute;di&eacute; au fonds de<\/div>\n<p>Auteur: challenge<br \/>\n<a href=\"https:\/\/www.challenge.ma\/coronavirus-les-propositions-des-parlementaires-132920\/\">Cliquez ici pour lire l&rsquo;article depuis sa source.<\/a><\/p>\n","protected":false},"excerpt":{"rendered":"<p>C&rsquo;est au tour des d&eacute;put&eacute;s de formuler des propositions visant &agrave; att&eacute;nuer la crise caus&eacute;e par la propagation du coronavirus. Lors d&rsquo;une r&eacute;union de la Commission des finances et du d&eacute;veloppement &eacute;conomique &agrave; la Chambre des repr&eacute;sentants pour pr&eacute;senter le d&eacute;cret portant cr&eacute;ation d&rsquo;un compte sp&eacute;cial d&eacute;di&eacute; au fonds de Auteur: challenge Cliquez ici pour [&hellip;]<\/p>\n","protected":false},"author":1787,"featured_media":79457,"comment_status":"closed","ping_status":"closed","sticky":false,"template":"","format":"standard","meta":{"fifu_image_url":"","fifu_image_alt":"","footnotes":""},"categories":[78,54],"tags":[],"class_list":["post-79456","post","type-post","status-publish","format-standard","has-post-thumbnail","hentry","category-economie","category-maroc"],"_links":{"self":[{"href":"https:\/\/linitiative.ca\/International\/wp-json\/wp\/v2\/posts\/79456","targetHints":{"allow":["GET"]}}],"collection":[{"href":"https:\/\/linitiative.ca\/International\/wp-json\/wp\/v2\/posts"}],"about":[{"href":"https:\/\/linitiative.ca\/International\/wp-json\/wp\/v2\/types\/post"}],"author":[{"embeddable":true,"href":"https:\/\/linitiative.ca\/International\/wp-json\/wp\/v2\/users\/1787"}],"replies":[{"embeddable":true,"href":"https:\/\/linitiative.ca\/International\/wp-json\/wp\/v2\/comments?post=79456"}],"version-history":[{"count":0,"href":"https:\/\/linitiative.ca\/International\/wp-json\/wp\/v2\/posts\/79456\/revisions"}],"wp:featuredmedia":[{"embeddable":true,"href":"https:\/\/linitiative.ca\/International\/wp-json\/"}],"wp:attachment":[{"href":"https:\/\/linitiative.ca\/International\/wp-json\/wp\/v2\/media?parent=79456"}],"wp:term":[{"taxonomy":"category","embeddable":true,"href":"https:\/\/linitiative.ca\/International\/wp-json\/wp\/v2\/categories?post=79456"},{"taxonomy":"post_tag","embeddable":true,"href":"https:\/\/linitiative.ca\/International\/wp-json\/wp\/v2\/tags?post=79456"}],"curies":[{"name":"wp","href":"https:\/\/api.w.org\/{rel}","templated":true}]}}