{"id":79458,"date":"2020-03-18T17:18:51","date_gmt":"2020-03-18T21:18:51","guid":{"rendered":"https:\/\/linitiative.ca\/International\/les-multiples-facettes-du-coronavirus\/"},"modified":"2020-03-18T17:18:51","modified_gmt":"2020-03-18T21:18:51","slug":"les-multiples-facettes-du-coronavirus","status":"publish","type":"post","link":"https:\/\/linitiative.ca\/International\/les-multiples-facettes-du-coronavirus\/","title":{"rendered":"Les multiples facettes du coronavirus"},"content":{"rendered":"<p><strong>C\u2019est une menace \u00e0 prendre au s\u00e9rieux. Coronavirus a d\u00e9fi\u00e9 les fronti\u00e8res g\u00e9ographiques et sociales. Mais ce \u00ab\u00a0nouveau\u00a0\u00bb virus devrait \u00eatre examin\u00e9 sous plusieurs angles.<\/strong><\/p>\n<div class=\"c10\"\/>\n<p>Le principal danger du \u00ab\u00a0Covid-19\u00a0\u00bb r\u00e9side dans sa capacit\u00e9 exponentielle de contamination. Il n\u2019est pas aussi mortel que d\u2019autres maladies infectieuses, mais il se propage vite, tr\u00e8s vite. Et il met \u00e0 nu des syst\u00e8mes de sant\u00e9 incapables de prendre en charge simultan\u00e9ment un grand nombre de personnes contamin\u00e9es et donc de r\u00e9agir efficacement face \u00e0 une situation exceptionnelle o\u00f9 la demande de soins est massive.<\/p>\n<p>Au cours des derni\u00e8res d\u00e9cennies, les syst\u00e8mes de sant\u00e9 ont, en g\u00e9n\u00e9ral, \u00e9t\u00e9 prisonniers de deux logiques complices et compl\u00e9mentaires\u00a0: la privatisation des services de sant\u00e9 et la r\u00e9duction des d\u00e9penses budg\u00e9taires des Etats, affect\u00e9es au secteur public de la sant\u00e9.<\/p>\n<p>Coronavirus, \u00ab\u00a0nouvelle version\u00a0\u00bb, va bousculer cette \u00e9volution. Il va surtout r\u00e9v\u00e9ler le fait que les Etats ne mettent pas ou mettent insuffisamment l\u2019\u00eatre humain et la pr\u00e9servation de la nature au centre des politiques publiques. Les mod\u00e8les de d\u00e9veloppement adopt\u00e9es depuis plus d\u2019un si\u00e8cle, bas\u00e9s sur la course \u00e0 la production et la consommation de l\u2019\u00e9nergie fossile, ont eu un effet principalement destructeur.<\/p>\n<p>En effet, aujourd\u2019hui, il a suffi \u00e0 la Chine, devenue grande puissance industrielle, de baisser son activit\u00e9 pour provoquer en cha\u00eene un s\u00e9isme \u00e9conomique et financier mondial. Baisse des valeurs boursi\u00e8res, arr\u00eat d\u2019activit\u00e9s dans plusieurs secteurs, ruptures de stocks impactant les circuits de production (\u2026). Mais, \u00e0 c\u00f4t\u00e9 de cet impact socio-\u00e9conomique n\u00e9gatif, au niveau mondial, un autre impact, cette fois-ci positif, sur l\u2019environnement, m\u00e9rite d\u2019\u00eatre soulign\u00e9. Moins de pollution dans l\u2019atmosph\u00e8re. Une \u00ab\u00a0petite pause environnementale\u00a0\u00bb qui risque de ne pas durer longtemps. Moins d\u2019activit\u00e9 de transports terrestres, maritimes et surtout a\u00e9riens. Arr\u00eat ou ralentissement des processus de fabrication industrielle, moins de consommation de produits p\u00e9troliers (\u2026).<\/p>\n<p>Autre aspect m\u00e9ritant d\u2019\u00eatre soulign\u00e9\u00a0: la perception dominante de la maladie. C\u2019est presque un retour \u00e0 un pass\u00e9 que l\u2019on croyait r\u00e9volu. Le malade est redevenu un \u00ab\u00a0suspect\u00a0\u00bb. Les \u00eatres humains s\u2019observent avec m\u00e9fiance. En fait, la maladie est \u00e0 nouveau source de sentiment de culpabilit\u00e9, voire de mal\u00e9diction, mais aussi de profit, les soins ayant \u00e9t\u00e9 largement marchandis\u00e9s.<\/p>\n<p>Alors, voil\u00e0 la dimension la plus profonde, r\u00e9v\u00e9l\u00e9e par le \u00ab\u00a0nouveau\u00a0\u00bb coronavirus\u00a0: le\u00a0 processus de d\u00e9shumanisation \u00e9troitement li\u00e9 au processus de marchandisation des rapports humains. Et c\u2019est cette dimension-l\u00e0 qui m\u00e9rite d\u2019\u00eatre abord\u00e9e dans les d\u00e9bats publics au cours de l\u2019apr\u00e8s coronavirus.<\/p>\n<p>En effet, l\u2019urgence actuelle de la lutte contre la propagation de ce virus et les actions s\u00e9curitaires exceptionnelles n\u00e9cessaires ne doivent surtout pas occulter cette r\u00e9alit\u00e9 ou \u00e9touffer la prise de conscience de l\u2019\u00e9chec des anciens et actuels mod\u00e8les de d\u00e9veloppement, tr\u00e8s souvent sources de destruction des \u00e9cosyst\u00e8mes et \u00e0 l\u2019origine des diff\u00e9rentes formes d\u2019ali\u00e9nation, causes de notre aveuglement actuel. Esp\u00e9rons que coronavirus soit un d\u00e9clencheur de cette prise de conscience globale menant vers une r\u00e9conciliation entre les humains et entre ces derniers et la nature.\u00a0<\/p>\n<div class=\"c17\">\n<fieldset class=\"c16\">\n<legend><strong><span class=\"c11\">Challenge<\/span><span class=\"c12\">news<\/span><\/strong><\/legend>\n<div class=\"c15\">Le meilleur de Challenge s\u00e9lectionn\u00e9 par la r\u00e9daction :<\/p>\n<\/div>\n<\/fieldset>\n<\/div>\n<p>Auteur: Mohamed Amine<br \/>\n<a href=\"https:\/\/www.challenge.ma\/les-multiples-facettes-du-coronavirus-132923\/\">Cliquez ici pour lire l&rsquo;article depuis sa source.<\/a><\/p>\n","protected":false},"excerpt":{"rendered":"<p>C\u2019est une menace \u00e0 prendre au s\u00e9rieux. Coronavirus a d\u00e9fi\u00e9 les fronti\u00e8res g\u00e9ographiques et sociales. Mais ce \u00ab\u00a0nouveau\u00a0\u00bb virus devrait \u00eatre examin\u00e9 sous plusieurs angles. Le principal danger du \u00ab\u00a0Covid-19\u00a0\u00bb r\u00e9side dans sa capacit\u00e9 exponentielle de contamination. Il n\u2019est pas aussi mortel que d\u2019autres maladies infectieuses, mais il se propage vite, tr\u00e8s vite. Et il [&hellip;]<\/p>\n","protected":false},"author":1787,"featured_media":0,"comment_status":"closed","ping_status":"closed","sticky":false,"template":"","format":"standard","meta":{"fifu_image_url":"","fifu_image_alt":"","footnotes":""},"categories":[78,54],"tags":[],"class_list":["post-79458","post","type-post","status-publish","format-standard","hentry","category-economie","category-maroc"],"_links":{"self":[{"href":"https:\/\/linitiative.ca\/International\/wp-json\/wp\/v2\/posts\/79458","targetHints":{"allow":["GET"]}}],"collection":[{"href":"https:\/\/linitiative.ca\/International\/wp-json\/wp\/v2\/posts"}],"about":[{"href":"https:\/\/linitiative.ca\/International\/wp-json\/wp\/v2\/types\/post"}],"author":[{"embeddable":true,"href":"https:\/\/linitiative.ca\/International\/wp-json\/wp\/v2\/users\/1787"}],"replies":[{"embeddable":true,"href":"https:\/\/linitiative.ca\/International\/wp-json\/wp\/v2\/comments?post=79458"}],"version-history":[{"count":0,"href":"https:\/\/linitiative.ca\/International\/wp-json\/wp\/v2\/posts\/79458\/revisions"}],"wp:attachment":[{"href":"https:\/\/linitiative.ca\/International\/wp-json\/wp\/v2\/media?parent=79458"}],"wp:term":[{"taxonomy":"category","embeddable":true,"href":"https:\/\/linitiative.ca\/International\/wp-json\/wp\/v2\/categories?post=79458"},{"taxonomy":"post_tag","embeddable":true,"href":"https:\/\/linitiative.ca\/International\/wp-json\/wp\/v2\/tags?post=79458"}],"curies":[{"name":"wp","href":"https:\/\/api.w.org\/{rel}","templated":true}]}}