{"id":79465,"date":"2020-03-18T16:21:09","date_gmt":"2020-03-18T20:21:09","guid":{"rendered":"https:\/\/linitiative.ca\/International\/tunisie-quelle-idee-de-mettre-le-190-a-la-disposition-des-appels-concernant-le-coronavirus\/"},"modified":"2020-03-18T16:21:09","modified_gmt":"2020-03-18T20:21:09","slug":"tunisie-quelle-idee-de-mettre-le-190-a-la-disposition-des-appels-concernant-le-coronavirus","status":"publish","type":"post","link":"https:\/\/linitiative.ca\/International\/tunisie-quelle-idee-de-mettre-le-190-a-la-disposition-des-appels-concernant-le-coronavirus\/","title":{"rendered":"Tunisie \u2013 Quelle id\u00e9e de mettre le \u00ab 190 \u00bb \u00e0 la disposition des appels concernant le coronavirus !"},"content":{"rendered":"<div class=\"post-cont-in left relative\">\n<p>\u00ab\u00a0Le 190\u00a0\u00bb. On n\u2019entend plus parler que de ce num\u00e9ro. Il s\u2019agit du num\u00e9ro d\u2019appel mis par le minist\u00e8re de la Sant\u00e9 \u00e0 la disposition des citoyens qui d\u00e9sirent poser des questions ou d\u00e9clarer des cas, en rapport avec le <a href=\"https:\/\/www.tunisienumerique.com\/tunisie-actualite\/coronavirus\/\" title=\"coronavirus\" target=\"_top\" class=\"auto-link\" rel=\"noopener noreferrer\">coronavirus<\/a>.<\/p>\n<div class=\"code-block code-block-1 c3\"><ins class=\"adsbygoogle c2\" data-ad-layout=\"in-article\" data-ad-format=\"fluid\" data-ad-client=\"ca-pub-2102118777505746\" data-ad-slot=\"7301775417\"\/> <\/div>\n<p>Depuis, on ne cesse plus de comptabiliser les m\u00e9contents, entre ceux qui n\u2019arrivent pas \u00e0 avoir des r\u00e9ponses et ceux \u00e0 qui on r\u00e9pond d\u2019une mani\u00e8re jug\u00e9e insatisfaisante, voire, m\u00e9prisante.<\/p>\n<p>Il faut reconna\u00eetre qu\u2019avec le d\u00e9bit \u00e9lev\u00e9 d\u2019appels, les employ\u00e9s charg\u00e9s de les r\u00e9ceptionner sont, tr\u00e8s vite \u00e9reint\u00e9s et perdent assez rapidement, leurs moyens. Les appelants, notamment ceux qui ont r\u00e9ellement besoin de renseignements, en sont l\u00e9s\u00e9s.<\/p>\n<p>Mais ce qu\u2019il y a de plus grave, c\u2019est que le 190 est le classique num\u00e9ro d\u2019appel du SAMU. C\u2019est un num\u00e9ro auquel recourent les gens pour les urgences de diff\u00e9rents types. G\u00e9n\u00e9ralement, il s\u2019agit d\u2019urgences vitales. Or, depuis que ce num\u00e9ro re\u00e7oit, en plus, les appels par rapport au coronavirus, les gens en situation d\u2019urgence trouvent de plus en plus de difficult\u00e9 \u00e0 contacter les secours. Quand ils r\u00e9ussissent \u00e0 le faire, ils trouvent des r\u00e9pondants pas tr\u00e8s commodes, du fait de la fatigue et du stress.<\/p>\n<p>N\u2019aurait-il pas mieux valu laisser le 190 \u00e0 sa vocation premi\u00e8re et mettre en place un autre num\u00e9ro d\u2019appel, sp\u00e9cialement d\u00e9di\u00e9 au coronavirus? Parfois, les solutions les plus simples \u00e0 trouver ne sont pas forc\u00e9ment les meilleures!<\/p>\n<div class=\"swp_social_panel swp_horizontal_panel swp_flat_fresh swp_default_full_color swp_individual_full_color swp_other_full_color scale-100 scale-\" data-min-width=\"1100\" data-float-color=\"#ffffff\" data-float=\"bottom\" data-float-mobile=\"bottom\" data-transition=\"slide\">\n<div class=\"nc_tweetContainer swp_share_button total_shares total_sharesalt\"><span class=\"swp_count\">13 <span class=\"swp_label\">Partages<\/span><\/span><\/div>\n<\/div>\n<p><strong>Que se passe-t-il en Tunisie?<\/strong><br \/>Nous expliquons sur notre <a href=\"https:\/\/www.youtube.com\/channel\/UCRzypVq0B_yBad5eGrwBx0Q?sub_confirmation=1\" target=\"_blank\" rel=\"noopener noreferrer\">cha\u00eene YouTube<\/a> . <a href=\"https:\/\/www.youtube.com\/channel\/UCRzypVq0B_yBad5eGrwBx0Q?sub_confirmation=1\" target=\"_blank\" rel=\"noopener noreferrer\">Abonnez-vous!<\/a><\/p>\n<div class=\"mvp-org-wrap mvp-org-logo\" itemprop=\"publisher\" itemscope=\"\" itemtype=\"https:\/\/schema.org\/Organization\"><img decoding=\"async\" src=\"https:\/\/www.tunisienumerique.com\/wp-content\/uploads\/2017\/02\/logo_tunisie_numerique.png\"\/><\/div>\n<div class=\"mvp-related-posts left relative\">\n<h4 class=\"post-header\"><span class=\"post-header\">Lire aussi<\/span><\/h4>\n<\/div>\n<div id=\"article-ad\"><ins class=\"adsbygoogle c4\" data-ad-client=\"ca-pub-2102118777505746\" data-ad-slot=\"6513972734\" data-ad-format=\"auto\" data-full-width-responsive=\"true\"\/> <\/div>\n<\/div>\n<div id=\"post-sidebar-wrap\"><ins class=\"adsbygoogle c4\" data-ad-client=\"ca-pub-2102118777505746\" data-ad-slot=\"6168283410\" data-ad-format=\"auto\" data-full-width-responsive=\"true\"\/> <\/div>\n<p>Auteur: LM<br \/>\n<a href=\"https:\/\/www.tunisienumerique.com\/tunisie-quelle-idee-de-mettre-le-190-a-la-disposition-des-appels-concernant-le-coronavirus\/\">Cliquez ici pour lire l&rsquo;article depuis sa source.<\/a><\/p>\n","protected":false},"excerpt":{"rendered":"<p>\u00ab\u00a0Le 190\u00a0\u00bb. On n\u2019entend plus parler que de ce num\u00e9ro. Il s\u2019agit du num\u00e9ro d\u2019appel mis par le minist\u00e8re de la Sant\u00e9 \u00e0 la disposition des citoyens qui d\u00e9sirent poser des questions ou d\u00e9clarer des cas, en rapport avec le coronavirus. Depuis, on ne cesse plus de comptabiliser les m\u00e9contents, entre ceux qui n\u2019arrivent pas [&hellip;]<\/p>\n","protected":false},"author":1789,"featured_media":79466,"comment_status":"closed","ping_status":"closed","sticky":false,"template":"","format":"standard","meta":{"fifu_image_url":"","fifu_image_alt":"","footnotes":""},"categories":[73,55],"tags":[],"class_list":["post-79465","post","type-post","status-publish","format-standard","has-post-thumbnail","hentry","category-actualite","category-tunisie"],"_links":{"self":[{"href":"https:\/\/linitiative.ca\/International\/wp-json\/wp\/v2\/posts\/79465","targetHints":{"allow":["GET"]}}],"collection":[{"href":"https:\/\/linitiative.ca\/International\/wp-json\/wp\/v2\/posts"}],"about":[{"href":"https:\/\/linitiative.ca\/International\/wp-json\/wp\/v2\/types\/post"}],"author":[{"embeddable":true,"href":"https:\/\/linitiative.ca\/International\/wp-json\/wp\/v2\/users\/1789"}],"replies":[{"embeddable":true,"href":"https:\/\/linitiative.ca\/International\/wp-json\/wp\/v2\/comments?post=79465"}],"version-history":[{"count":0,"href":"https:\/\/linitiative.ca\/International\/wp-json\/wp\/v2\/posts\/79465\/revisions"}],"wp:featuredmedia":[{"embeddable":true,"href":"https:\/\/linitiative.ca\/International\/wp-json\/"}],"wp:attachment":[{"href":"https:\/\/linitiative.ca\/International\/wp-json\/wp\/v2\/media?parent=79465"}],"wp:term":[{"taxonomy":"category","embeddable":true,"href":"https:\/\/linitiative.ca\/International\/wp-json\/wp\/v2\/categories?post=79465"},{"taxonomy":"post_tag","embeddable":true,"href":"https:\/\/linitiative.ca\/International\/wp-json\/wp\/v2\/tags?post=79465"}],"curies":[{"name":"wp","href":"https:\/\/api.w.org\/{rel}","templated":true}]}}