{"id":79467,"date":"2020-03-18T17:01:24","date_gmt":"2020-03-18T21:01:24","guid":{"rendered":"https:\/\/linitiative.ca\/International\/tunisie-video-jalloul-nous-sommes-en-guerre-une-guerre-sur-trois-fronts\/"},"modified":"2020-03-18T17:01:24","modified_gmt":"2020-03-18T21:01:24","slug":"tunisie-video-jalloul-nous-sommes-en-guerre-une-guerre-sur-trois-fronts","status":"publish","type":"post","link":"https:\/\/linitiative.ca\/International\/tunisie-video-jalloul-nous-sommes-en-guerre-une-guerre-sur-trois-fronts\/","title":{"rendered":"Tunisie \u2013 VIDEO: Jalloul : Nous sommes en guerre\u2026 Une guerre sur trois fronts"},"content":{"rendered":"<div class=\"post-cont-in left relative\">\n<p>L\u2019homme politique et ex-ministre de l\u2019\u00e9ducation, Neji Jalloul, a fait part, au micro de TunisieNumerique, de ses pr\u00e9occupations en rapport avec l\u2019\u00e9pid\u00e9mie de <a href=\"https:\/\/www.tunisienumerique.com\/tunisie-actualite\/coronavirus\/\" title=\"coronavirus\" target=\"_top\" class=\"auto-link\" rel=\"noopener noreferrer\">coronavirus<\/a> qui se propage dans le pays.<\/p>\n<div class=\"code-block code-block-1 c3\"><ins class=\"adsbygoogle c2\" data-ad-layout=\"in-article\" data-ad-format=\"fluid\" data-ad-client=\"ca-pub-2102118777505746\" data-ad-slot=\"7301775417\"\/> <\/div>\n<p>Il a assur\u00e9 que la Nation est en \u00e9tat de guerre. Une guerre qui n\u00e9cessite une mobilisation g\u00e9n\u00e9rale, mais aussi, les moyens n\u00e9cessaires pour le mener. Il a pr\u00e9cis\u00e9 que la guerre a besoin de g\u00e9n\u00e9raux qui savent apaiser les craintes du citoyen.<\/p>\n<p>Il a ajout\u00e9 que les moyens financiers pour faire cette guerre doivent \u00eatre trouv\u00e9s au sein du pays. Il faut que \u00ab\u00a0l\u2019\u00e9conomie de paix se mue en \u00e9conomie de guerre\u00a0\u00bb. Il ne faut, surtout, pas emprunter \u00e0 l\u2019\u00e9tranger, et ne pas, non plus, demander plus de contribution de la part du citoyen qui vit, d\u00e9j\u00e0, la mis\u00e8re.<\/p>\n<p>Jalloul pr\u00e9conise de r\u00e9quisitionner toutes les possibilit\u00e9s industrielles du pays, pour l\u2019industrie de guerre, comme les m\u00e9dicaments, les blouses, masques et autres moyens de protection. Il a, par ailleurs, pr\u00e9cis\u00e9 que nombreux sont les tunisiens ais\u00e9s vivant \u00e0 l\u2019\u00e9tranger et qui peuvent aider \u00e0 ramener les outillages et les machines qui nous manquent, notamment, les postes de r\u00e9animation.<\/p>\n<p>Le deuxi\u00e8me front de la guerre, est celui de l\u2019\u00e9conomie a pr\u00e9cis\u00e9 Jalloul. Il s\u2019est \u00e9tonn\u00e9 que l\u2019on fasse des appels, \u00e0 bloquer le pays, au risque de d\u00e9truire son \u00e9conomie. Il a assur\u00e9 que la roue de l\u2019\u00e9conomie doit continuer \u00e0 tourner, et ne doivent \u00eatre confin\u00e9s chez eux, que les personnes fragiles \u00e0 risque. Ceux-l\u00e0 seront pris en charge par la\u00a0 soci\u00e9t\u00e9, entre autres les associations caritatives qui ne pointent le nez qu\u2019au moment des \u00e9lections. Le reste du pays doit continuer \u00e0 fonctionner. Il a pris l\u2019exemple des caf\u00e9s et restaurants qui font vivre des centaines de milliers de familles, et qu\u2019il ne faudrait pas fermer de fa\u00e7on compl\u00e8te. Si ces citoyens viennent \u00e0 cesser leurs activit\u00e9s, il va falloir penser \u00e0 leur fournir des aides financi\u00e8res, de quoi subsister. Il a ajout\u00e9 qu\u2019il va falloir, aussi, aider les PME, en demandant des fonds, aupr\u00e8s des banques qui sont largement b\u00e9n\u00e9ficiaires.<\/p>\n<p>Il faut, selon Jalloul, suspendre le payement des taxes et des factures de la STEG et autres. Il faudra aussi n\u00e9gocier le r\u00e9\u00e9chelonnement des dettes \u00e9trang\u00e8res, et faire travailler notre diplomatie pour obtenir des aides de la part des pays fr\u00e8res et amis qui ne sont plus en \u00e9tat d\u2019alerte \u00e9pid\u00e9mique, comme les monarchies du golfe.<\/p>\n<p>Le troisi\u00e8me\u00a0 front de la guerre sera, selon Jalloul, celui de la guerre sociale. Car l\u2019Etat doit pouvoir garantir aux citoyens de quoi vivre, manger et se faire traiter. Ceci peut se faire gr\u00e2ce \u00e0 la solidarit\u00e9 du peuple en entier, et la gestion de cette entraide pourrait \u00eatre confi\u00e9e aux municipalit\u00e9s pour que \u00e7\u00e0 soit un service de proximit\u00e9. A ce sujet, il faut que toutes les disparit\u00e9s et les divergences cessent, y compris les divergences id\u00e9ologiques et politiques. Le pays a besoin d\u2019une vraie union nationale.<\/p>\n<p>Le peuple doit, aussi, aider dans cette guerre. Il lui suffira de se conformer aux ordres et aux mesures prises, comme celle du confinement\u00a0? Une mesure qui a fait ses preuves dans les pays qui l\u2019ont appliqu\u00e9e.<\/p>\n<p>Neji Jalloul a achev\u00e9 son intervention, sur une note positive, en assurant qu\u2019il demeure optimiste et qu\u2019il a confiance en la capacit\u00e9 des tunisiens et de la Tunisie \u00e0 remporter cette guerre, comme ils l\u2019ont fait par le pass\u00e9, au moment de la peste noire, et la grippe espagnole. Mais il faudra des d\u00e9cideurs qui savent prendre les vraies d\u00e9cisions et au bon moment. \u00ab\u00a0Nous ne pouvons pas gagner avec des leaders h\u00e9sitants\u00a0\u00bb.<\/p>\n<div class=\"swp_social_panel swp_horizontal_panel swp_flat_fresh swp_default_full_color swp_individual_full_color swp_other_full_color scale-100 scale-\" data-min-width=\"1100\" data-float-color=\"#ffffff\" data-float=\"bottom\" data-float-mobile=\"bottom\" data-transition=\"slide\">\n<div class=\"nc_tweetContainer swp_share_button total_shares total_sharesalt\"><span class=\"swp_count\">1 <span class=\"swp_label\">Partages<\/span><\/span><\/div>\n<\/div>\n<p><strong>Que se passe-t-il en Tunisie?<\/strong><br \/>Nous expliquons sur notre <a href=\"https:\/\/www.youtube.com\/channel\/UCRzypVq0B_yBad5eGrwBx0Q?sub_confirmation=1\" target=\"_blank\" rel=\"noopener noreferrer\">cha\u00eene YouTube<\/a> . <a href=\"https:\/\/www.youtube.com\/channel\/UCRzypVq0B_yBad5eGrwBx0Q?sub_confirmation=1\" target=\"_blank\" rel=\"noopener noreferrer\">Abonnez-vous!<\/a><\/p>\n<div class=\"mvp-org-wrap mvp-org-logo\" itemprop=\"publisher\" itemscope=\"\" itemtype=\"https:\/\/schema.org\/Organization\"><img decoding=\"async\" src=\"https:\/\/www.tunisienumerique.com\/wp-content\/uploads\/2017\/02\/logo_tunisie_numerique.png\"\/><\/div>\n<div class=\"mvp-related-posts left relative\">\n<h4 class=\"post-header\"><span class=\"post-header\">Lire aussi<\/span><\/h4>\n<\/div>\n<div id=\"article-ad\"><ins class=\"adsbygoogle c4\" data-ad-client=\"ca-pub-2102118777505746\" data-ad-slot=\"6513972734\" data-ad-format=\"auto\" data-full-width-responsive=\"true\"\/> <\/div>\n<\/div>\n<div id=\"post-sidebar-wrap\"><ins class=\"adsbygoogle c4\" data-ad-client=\"ca-pub-2102118777505746\" data-ad-slot=\"6168283410\" data-ad-format=\"auto\" data-full-width-responsive=\"true\"\/> <\/div>\n<p>Auteur: LM<br \/>\n<a href=\"https:\/\/www.tunisienumerique.com\/tunisie-video-jalloul-nous-sommes-en-guerre-une-guerre-sur-trois-fronts\/\">Cliquez ici pour lire l&rsquo;article depuis sa source.<\/a><\/p>\n","protected":false},"excerpt":{"rendered":"<p>L\u2019homme politique et ex-ministre de l\u2019\u00e9ducation, Neji Jalloul, a fait part, au micro de TunisieNumerique, de ses pr\u00e9occupations en rapport avec l\u2019\u00e9pid\u00e9mie de coronavirus qui se propage dans le pays. Il a assur\u00e9 que la Nation est en \u00e9tat de guerre. Une guerre qui n\u00e9cessite une mobilisation g\u00e9n\u00e9rale, mais aussi, les moyens n\u00e9cessaires pour le [&hellip;]<\/p>\n","protected":false},"author":1789,"featured_media":79468,"comment_status":"closed","ping_status":"closed","sticky":false,"template":"","format":"standard","meta":{"fifu_image_url":"","fifu_image_alt":"","footnotes":""},"categories":[73,55],"tags":[],"class_list":["post-79467","post","type-post","status-publish","format-standard","has-post-thumbnail","hentry","category-actualite","category-tunisie"],"_links":{"self":[{"href":"https:\/\/linitiative.ca\/International\/wp-json\/wp\/v2\/posts\/79467","targetHints":{"allow":["GET"]}}],"collection":[{"href":"https:\/\/linitiative.ca\/International\/wp-json\/wp\/v2\/posts"}],"about":[{"href":"https:\/\/linitiative.ca\/International\/wp-json\/wp\/v2\/types\/post"}],"author":[{"embeddable":true,"href":"https:\/\/linitiative.ca\/International\/wp-json\/wp\/v2\/users\/1789"}],"replies":[{"embeddable":true,"href":"https:\/\/linitiative.ca\/International\/wp-json\/wp\/v2\/comments?post=79467"}],"version-history":[{"count":0,"href":"https:\/\/linitiative.ca\/International\/wp-json\/wp\/v2\/posts\/79467\/revisions"}],"wp:featuredmedia":[{"embeddable":true,"href":"https:\/\/linitiative.ca\/International\/wp-json\/"}],"wp:attachment":[{"href":"https:\/\/linitiative.ca\/International\/wp-json\/wp\/v2\/media?parent=79467"}],"wp:term":[{"taxonomy":"category","embeddable":true,"href":"https:\/\/linitiative.ca\/International\/wp-json\/wp\/v2\/categories?post=79467"},{"taxonomy":"post_tag","embeddable":true,"href":"https:\/\/linitiative.ca\/International\/wp-json\/wp\/v2\/tags?post=79467"}],"curies":[{"name":"wp","href":"https:\/\/api.w.org\/{rel}","templated":true}]}}