{"id":79469,"date":"2020-03-18T16:11:30","date_gmt":"2020-03-18T20:11:30","guid":{"rendered":"https:\/\/linitiative.ca\/International\/debat-sur-les-mesures-sanitaires-contre-le-covid-19-au-benin\/"},"modified":"2020-03-18T16:11:30","modified_gmt":"2020-03-18T20:11:30","slug":"debat-sur-les-mesures-sanitaires-contre-le-covid-19-au-benin","status":"publish","type":"post","link":"https:\/\/linitiative.ca\/International\/debat-sur-les-mesures-sanitaires-contre-le-covid-19-au-benin\/","title":{"rendered":"DEBAT SUR LES MESURES SANITAIRES CONTRE LE COVID-19 AU BENIN"},"content":{"rendered":"<div class=\"stream-item stream-item-above-post-content\">\n<p><noscript><\/p>\n<p><a href=\"\/\/www3.smartadserver.com\/ac?jump=1&amp;nwid=2136&amp;siteid=240610&amp;pgname=rg&amp;fmtid=49046&amp;visit=m&amp;tmstp=[timestamp]&amp;out=nonrich\" target=\"_blank\" rel=\"noopener noreferrer\"><img decoding=\"async\" src=\"http:\/\/www3.smartadserver.com\/ac?out=nonrich&amp;nwid=2136&amp;siteid=240610&amp;pgname=rg&amp;fmtid=49046&amp;visit=m&amp;tmstp=[timestamp]\" border=\"0\" alt=\"\"\/><\/a><\/p>\n<p><\/noscript><\/div>\n<p class=\"c3\"><em>Le B\u00e9nin prend les devants. Alors qu\u2019il n\u2019y avait qu\u2019un seul cas confirm\u00e9 \u00e0 la date du lundi dernier, le B\u00e9nin a d\u00e9cid\u00e9 de prendre les devants en prenant 11 nouvelles mesures pour lutter plus efficacement contre le coronavirus (COVID-19). Parmi ces mesures sanitaires, la limitation des entr\u00e9es et sorties aux fronti\u00e8res terrestres, le placement en quarantaine de fa\u00e7on syst\u00e9matique de tous ceux qui entrent au pays par les airs, la r\u00e9duction de d\u00e9livrance de visas. Si certains applaudissent la prise de ces mesures jug\u00e9es muscl\u00e9es, d\u2019autres accusent le gouvernement d\u2019aller trop vite en besogne. Si la r\u00e9action de ces derniers est compr\u00e9hensible au regard des cons\u00e9quences que les nouvelles mesures pourraient entra\u00eener, l\u2019on ne peut non plus donner tort au gouvernement. Ne dit-on pas que pr\u00e9venir vaut mieux que gu\u00e9rir? Ne dit-on pas aussi que gouverner c\u2019est pr\u00e9voir? Le gouvernement est dans son r\u00f4le. Face \u00e0 un p\u00e9ril mondial qui met en quarantaine des mastodontes comme les Etats-Unis, la Chine, etc., le B\u00e9nin peut-il se payer le luxe de prendre des risques\u00a0? Assur\u00e9ment non. Ceux qui bl\u00e2ment l\u2019Etat b\u00e9ninois doivent comprendre qu\u2019en mati\u00e8re de lutte contre une \u00e9pid\u00e9mie aussi contagieuse que le COVID-19, la pr\u00e9vention peut s\u2019av\u00e9rer une meilleure parade pour contrer la propagation du virus. Si des pays comme l\u2019Italie ont franchi la barre des 2 000 morts, c\u2019est parce qu\u2019ils ont tergivers\u00e9 dans la prise de mesures pr\u00e9ventives. En Afrique, on aime les critiques faciles. Si Talon ne faisait rien et que la maladie se rependait comme une tra\u00een\u00e9e de poudre \u00e0 travers tout le pays, les m\u00eames qui lui adressent des critiques acerbes, n\u2019h\u00e9siteraient pas \u00e0 le clouer au pilori. Cela dit, le gouvernement doit veiller \u00e0 ce que l\u2019application des mesures prises et dont les cons\u00e9quences sont \u00e9videntes, permette de circonscrire le mal. C\u2019est en cela que les citoyens verraient l\u2019utilit\u00e9 de ces mesures qui mettront \u00e0 coup s\u00fbr, la vie du pays au ralenti.<\/em><\/p>\n<p class=\"c3\"><strong><em>C\u2019est la voie pour esp\u00e9rer se mettre \u00e0 l\u2019abri du virus<\/em><\/strong><\/p>\n<p class=\"c3\"><em>Le moins que l\u2019on puisse dire, c\u2019est que le COVID-19 vient bouleverser les habitudes des Africains. Et Dieu seul sait combien de temps cela va durer, \u00e9tant donn\u00e9 qu\u2019aucun rem\u00e8de ni vaccin n\u2019est disponible pour l\u2019heure. C\u2019est pourquoi il ne faut pas l\u00e9siner sur les mesures pr\u00e9ventives. Si la Chine semble ma\u00eetriser aujourd\u2019hui la propagation du mal, c\u2019est justement parce qu\u2019elle a vite pris des mesures drastiques que certains pays d\u2019Europe n\u2019ont pas h\u00e9sit\u00e9 \u00e0 critiquer, oubliant que le COVID-19 ne conna\u00eet ni race, ni couleur encore moins d\u2019ethnie. En attendant que l\u2019Etat b\u00e9ninois songe \u00e0 un all\u00e8gement des mesures, les B\u00e9ninois vont devoir se plier \u00e0 celles en vigueur. En tout cas, ils n\u2019ont pas d\u2019autre choix que de respecter les directives gouvernementales. M\u00eame si cela cr\u00e9e des grincements de dents, c\u2019est la voie pour l\u2019instant pour esp\u00e9rer se mettre \u00e0 l\u2019abri du virus. Autant dire que c\u2019est pour leur bien. Du reste, ceux qui s\u2019en prennent au gouvernement doivent savoir que le B\u00e9nin n\u2019est pas le seul pays \u00e0 prendre de telles mesures. D\u2019autres Nations \u00e0 l\u2019image de la France ou de l\u2019Italie, ont pris des mesures bien plus drastiques. On ne doit pas faire preuve d\u2019irresponsabilit\u00e9 face \u00e0 un mal qui r\u00e9pand la terreur, fait fuir des amis et m\u00eame des amoureux. Epid\u00e9mie que d\u2019aucuns qualifient de mal que le ciel inventa pour punir les crimes de la terre, puisqu\u2019elle n\u2019\u00e9pargne ni riche, ni pauvre. Si le COVID-19 fait peur aux citoyens et m\u00eame aux Etats, ce n\u2019est certainement pas \u00e0 cause du taux de sa l\u00e9talit\u00e9 puisqu\u2019il n\u2019exc\u00e8de pas 6% en Europe et 4% en Afrique, mais tout simplement parce qu\u2019il est trois fois plus contagieux que la grippe. De 2 \u00e0 5 cas, certains pays ont, en l\u2019espace d\u2019un mois, franchi le seuil des 10 000 cas. D\u2019o\u00f9 l\u2019urgence d\u2019employer tous les moyens pour confiner le virus. Et quand on sait que le syst\u00e8me sanitaire des Etats africains laisse \u00e0 d\u00e9sirer, il y a de quoi prendre les devants avant que la maladie ne gagne du terrain. En tout cas, c\u2019est une pol\u00e9mique qui n\u2019a pas lieu d\u2019\u00eatre.<\/em><\/p>\n<p class=\"c3\"><strong><em>Dabadi ZOUMBARA<\/em><\/strong><\/p>\n<p>Auteur: Le Pays<br \/>\n<a href=\"http:\/\/lepays.bf\/debat-sur-les-mesures-sanitaires-contre-le-covid-19-au-benin\/\">Cliquez ici pour lire l&rsquo;article depuis sa source.<\/a><\/p>\n","protected":false},"excerpt":{"rendered":"<p>Le B\u00e9nin prend les devants. Alors qu\u2019il n\u2019y avait qu\u2019un seul cas confirm\u00e9 \u00e0 la date du lundi dernier, le B\u00e9nin a d\u00e9cid\u00e9 de prendre les devants en prenant 11 nouvelles mesures pour lutter plus efficacement contre le coronavirus (COVID-19). Parmi ces mesures sanitaires, la limitation des entr\u00e9es et sorties aux fronti\u00e8res terrestres, le placement [&hellip;]<\/p>\n","protected":false},"author":1813,"featured_media":0,"comment_status":"closed","ping_status":"closed","sticky":false,"template":"","format":"standard","meta":{"fifu_image_url":"","fifu_image_alt":"","footnotes":""},"categories":[73,81],"tags":[],"class_list":["post-79469","post","type-post","status-publish","format-standard","hentry","category-actualite","category-burkina-faso"],"_links":{"self":[{"href":"https:\/\/linitiative.ca\/International\/wp-json\/wp\/v2\/posts\/79469","targetHints":{"allow":["GET"]}}],"collection":[{"href":"https:\/\/linitiative.ca\/International\/wp-json\/wp\/v2\/posts"}],"about":[{"href":"https:\/\/linitiative.ca\/International\/wp-json\/wp\/v2\/types\/post"}],"author":[{"embeddable":true,"href":"https:\/\/linitiative.ca\/International\/wp-json\/wp\/v2\/users\/1813"}],"replies":[{"embeddable":true,"href":"https:\/\/linitiative.ca\/International\/wp-json\/wp\/v2\/comments?post=79469"}],"version-history":[{"count":0,"href":"https:\/\/linitiative.ca\/International\/wp-json\/wp\/v2\/posts\/79469\/revisions"}],"wp:attachment":[{"href":"https:\/\/linitiative.ca\/International\/wp-json\/wp\/v2\/media?parent=79469"}],"wp:term":[{"taxonomy":"category","embeddable":true,"href":"https:\/\/linitiative.ca\/International\/wp-json\/wp\/v2\/categories?post=79469"},{"taxonomy":"post_tag","embeddable":true,"href":"https:\/\/linitiative.ca\/International\/wp-json\/wp\/v2\/tags?post=79469"}],"curies":[{"name":"wp","href":"https:\/\/api.w.org\/{rel}","templated":true}]}}