{"id":79476,"date":"2020-03-18T16:18:03","date_gmt":"2020-03-18T20:18:03","guid":{"rendered":"https:\/\/linitiative.ca\/International\/coronavirus-suspension-de-vols-et-arrivees-de-passagers-en-cote-divoire\/"},"modified":"2020-03-18T16:18:03","modified_gmt":"2020-03-18T20:18:03","slug":"coronavirus-suspension-de-vols-et-arrivees-de-passagers-en-cote-divoire","status":"publish","type":"post","link":"https:\/\/linitiative.ca\/International\/coronavirus-suspension-de-vols-et-arrivees-de-passagers-en-cote-divoire\/","title":{"rendered":"Coronavirus: suspension de vols et arriv\u00e9es de passagers en C\u00f4te d\u2019Ivoire"},"content":{"rendered":"<div readability=\"32\">\n<p>Publi\u00e9 le 18.03.2020 \u00e0 21h18 par APA News<\/p>\n<\/div>\n<div readability=\"71\">\n<p>Le gouvernement ivoirienne a suspendu, mercredi, jusqu\u2019\u00e0 nouvel ordre \u00ab tous les vols de passagers et toutes les arriv\u00e9es de passagers par bateaux en provenance, directement ou indirectement, des pays ayant plus de cent cas confirm\u00e9s de coronavirus.Selon un communiqu\u00e9 du ministre ivoirien des Transports, Amadou Kon\u00e9, cette nouvelle mesure rentre en vigueur \u00ab \u00e0 compter du vendredi 20 mars 2020 \u00e0 23 h 59 mn \u00bb.<\/p>\n<p>Cette d\u00e9cision s\u2019inscrit dans le cadre de la pr\u00e9vention des risques de propagation de la maladie \u00e0 coronavirus (COVID-19), et suite \u00e0 une \u00e9valuation des mesures prises le lundi dernier par le Conseil national de S\u00e9curit\u00e9 (CNS), a-t-il expliqu\u00e9.<\/p>\n<p>Par ailleurs, M. Kon\u00e9 a exhort\u00e9 l\u2019ensemble des acteurs concern\u00e9s au \u00abstrict respect de ces mesures indispensables \u00e0 la pr\u00e9servation de la sant\u00e9 des populations \u00bb. Le nombre de cas confirm\u00e9s de coronavirus est pass\u00e9 de six \u00e0 neuf en C\u00f4te d\u2019Ivoire, selon les chiffres communiqu\u00e9s, mercredi, par le minist\u00e8re ivoirien de la Sant\u00e9 et de l\u2019hygi\u00e8ne publique.<\/p>\n<p>Le lundi 16 mars dernier, \u00e0 l\u2019issue d\u2019une r\u00e9union extraordinaire du Conseil national de s\u00e9curit\u00e9 \u00a0(CNS) pr\u00e9sid\u00e9e par le pr\u00e9sident ivoirien Alassane Ouattara sur la situation de la maladie \u00e0 coronavirus en C\u00f4te d\u2019Ivoire, les autorit\u00e9s ivoiriennes ont pris 13 mesures compl\u00e9mentaires pour lutter contre la propagation de cette maladie.<\/p>\n<p>Il s\u2019agit entre autres de la fermeture de tous les \u00e9tablissements d\u2019enseignement pr\u00e9scolaire, primaire, secondaire et sup\u00e9rieur pour une p\u00e9riode de 30 jours et \u00a0la suspension pour une p\u00e9riode de 15 jours renouvelables, \u00e0 compter du 16 mars 2020 \u00e0 minuit de l\u2019entr\u00e9e en C\u00f4te d\u2019Ivoire des voyageurs non ivoiriens en provenance des pays ayant plus de 100 cas confirm\u00e9s de la maladie \u00e0 coronavirus.<\/p>\n<\/div>\n<p>Auteur: APA News<br \/>\n<a href=\"https:\/\/www.journalducameroun.com\/coronavirus-suspension-de-vols-et-arrivees-de-passagers-en-cote-divoire\/\">Cliquez ici pour lire l&rsquo;article depuis sa source.<\/a><\/p>\n","protected":false},"excerpt":{"rendered":"<p>Publi\u00e9 le 18.03.2020 \u00e0 21h18 par APA News Le gouvernement ivoirienne a suspendu, mercredi, jusqu\u2019\u00e0 nouvel ordre \u00ab tous les vols de passagers et toutes les arriv\u00e9es de passagers par bateaux en provenance, directement ou indirectement, des pays ayant plus de cent cas confirm\u00e9s de coronavirus.Selon un communiqu\u00e9 du ministre ivoirien des Transports, Amadou Kon\u00e9, [&hellip;]<\/p>\n","protected":false},"author":1965,"featured_media":0,"comment_status":"closed","ping_status":"closed","sticky":false,"template":"","format":"standard","meta":{"fifu_image_url":"","fifu_image_alt":"","footnotes":""},"categories":[73,82],"tags":[],"class_list":["post-79476","post","type-post","status-publish","format-standard","hentry","category-actualite","category-cameroun"],"_links":{"self":[{"href":"https:\/\/linitiative.ca\/International\/wp-json\/wp\/v2\/posts\/79476","targetHints":{"allow":["GET"]}}],"collection":[{"href":"https:\/\/linitiative.ca\/International\/wp-json\/wp\/v2\/posts"}],"about":[{"href":"https:\/\/linitiative.ca\/International\/wp-json\/wp\/v2\/types\/post"}],"author":[{"embeddable":true,"href":"https:\/\/linitiative.ca\/International\/wp-json\/wp\/v2\/users\/1965"}],"replies":[{"embeddable":true,"href":"https:\/\/linitiative.ca\/International\/wp-json\/wp\/v2\/comments?post=79476"}],"version-history":[{"count":0,"href":"https:\/\/linitiative.ca\/International\/wp-json\/wp\/v2\/posts\/79476\/revisions"}],"wp:attachment":[{"href":"https:\/\/linitiative.ca\/International\/wp-json\/wp\/v2\/media?parent=79476"}],"wp:term":[{"taxonomy":"category","embeddable":true,"href":"https:\/\/linitiative.ca\/International\/wp-json\/wp\/v2\/categories?post=79476"},{"taxonomy":"post_tag","embeddable":true,"href":"https:\/\/linitiative.ca\/International\/wp-json\/wp\/v2\/tags?post=79476"}],"curies":[{"name":"wp","href":"https:\/\/api.w.org\/{rel}","templated":true}]}}