{"id":79477,"date":"2020-03-18T16:18:06","date_gmt":"2020-03-18T20:18:06","guid":{"rendered":"https:\/\/linitiative.ca\/International\/fermeture-des-mosquees-en-cote-divoire-pour-la-lutte-contre-le-coronavirus\/"},"modified":"2020-03-18T16:18:06","modified_gmt":"2020-03-18T20:18:06","slug":"fermeture-des-mosquees-en-cote-divoire-pour-la-lutte-contre-le-coronavirus","status":"publish","type":"post","link":"https:\/\/linitiative.ca\/International\/fermeture-des-mosquees-en-cote-divoire-pour-la-lutte-contre-le-coronavirus\/","title":{"rendered":"Fermeture des mosqu\u00e9es en C\u00f4te d\u2019Ivoire pour la lutte contre le coronavirus"},"content":{"rendered":"<div readability=\"32\">\n<p>Publi\u00e9 le 18.03.2020 \u00e0 21h18 par APA News<\/p>\n<\/div>\n<div readability=\"63\">\n<p>Le Conseil sup\u00e9rieur des imams, des mosqu\u00e9es et des affaires islamiques en C\u00f4te d\u2019Ivoire (COSIM) et le Conseil des imams sunnites (CODIS), les deux grandes fa\u00eeti\u00e8res des guides religieux musulmans dans le pays, ont annonc\u00e9 mercredi dans un communiqu\u00e9 conjoint, la \u00abfermeture temporaire\u00bb des mosqu\u00e9es en C\u00f4te d\u2019Ivoire pour une p\u00e9riode de 15 jours renouvelables en vue de lutter contre la propagation du coronavirus.\u00abLes mosqu\u00e9es sur toute l\u2019\u00e9tendue du territoire national sont ferm\u00e9es pour toutes les pri\u00e8res y compris celle du Vendredi (Djouma) pour un d\u00e9lai de 15 jours renouvelables \u00e0 compter de ce mercredi 18 mars 2020 \u00e0 minuit. Toutefois, chaque musulmans est invit\u00e9 \u00e0 intensifier les pri\u00e8res \u00e0 domicile\u00bb, a indiqu\u00e9 l\u2019Imam S\u00e9kou Sylla, le porte-parole du COSIM.<\/p>\n<p>\u00a0Enum\u00e9rant les prescriptions des Imams contre cette pand\u00e9mie, il a ajout\u00e9 que toutes les activit\u00e9s collectives (r\u00e9unions, c\u00e9r\u00e9monies de quelque nature qu\u2019elles soient) sont \u00a0suspendues dans les mosqu\u00e9es durant la m\u00eame p\u00e9riode de 15 jours renouvelables.<\/p>\n<p>\u00ab Relativement aux actes socio-cultuel (c\u00e9l\u00e9bration de bapt\u00eame, mariage, sacrifice, enterrement) ils \u00a0sont \u00e9galement suspendus \u00a0pour un d\u00e9lai de quinze jours renouvelables \u00e0 compter de ce jour. Les pri\u00e8res mortuaires et les enterrements en cas de n\u00e9cessit\u00e9, se feront sous la responsabilit\u00e9 des imams avec l\u2019obligation d\u2019un nombre limit\u00e9 n\u2019exc\u00e9dant pas 50 personnes\u00bb, a-t-il \u00e9galement pr\u00e9cis\u00e9 annon\u00e7ant la cr\u00e9ation d\u2019un Comit\u00e9 de veille pour faire respecter ces directives.<\/p>\n<p>Lundi soir, le gouvernement ivoirien a pris treize mesures compl\u00e9mentaires pour lutter contre la propagation du Coronavirus en C\u00f4te d\u2019Ivoire o\u00f9 le nombre de cas confirm\u00e9s de coronavirus est pass\u00e9 de six \u00e0 neuf.<\/p>\n<\/div>\n<p>Auteur: APA News<br \/>\n<a href=\"https:\/\/www.journalducameroun.com\/fermeture-des-mosquees-en-cote-divoire-pour-la-lutte-contre-le-coronavirus\/\">Cliquez ici pour lire l&rsquo;article depuis sa source.<\/a><\/p>\n","protected":false},"excerpt":{"rendered":"<p>Publi\u00e9 le 18.03.2020 \u00e0 21h18 par APA News Le Conseil sup\u00e9rieur des imams, des mosqu\u00e9es et des affaires islamiques en C\u00f4te d\u2019Ivoire (COSIM) et le Conseil des imams sunnites (CODIS), les deux grandes fa\u00eeti\u00e8res des guides religieux musulmans dans le pays, ont annonc\u00e9 mercredi dans un communiqu\u00e9 conjoint, la \u00abfermeture temporaire\u00bb des mosqu\u00e9es en C\u00f4te [&hellip;]<\/p>\n","protected":false},"author":1965,"featured_media":0,"comment_status":"closed","ping_status":"closed","sticky":false,"template":"","format":"standard","meta":{"fifu_image_url":"","fifu_image_alt":"","footnotes":""},"categories":[73,82],"tags":[],"class_list":["post-79477","post","type-post","status-publish","format-standard","hentry","category-actualite","category-cameroun"],"_links":{"self":[{"href":"https:\/\/linitiative.ca\/International\/wp-json\/wp\/v2\/posts\/79477","targetHints":{"allow":["GET"]}}],"collection":[{"href":"https:\/\/linitiative.ca\/International\/wp-json\/wp\/v2\/posts"}],"about":[{"href":"https:\/\/linitiative.ca\/International\/wp-json\/wp\/v2\/types\/post"}],"author":[{"embeddable":true,"href":"https:\/\/linitiative.ca\/International\/wp-json\/wp\/v2\/users\/1965"}],"replies":[{"embeddable":true,"href":"https:\/\/linitiative.ca\/International\/wp-json\/wp\/v2\/comments?post=79477"}],"version-history":[{"count":0,"href":"https:\/\/linitiative.ca\/International\/wp-json\/wp\/v2\/posts\/79477\/revisions"}],"wp:attachment":[{"href":"https:\/\/linitiative.ca\/International\/wp-json\/wp\/v2\/media?parent=79477"}],"wp:term":[{"taxonomy":"category","embeddable":true,"href":"https:\/\/linitiative.ca\/International\/wp-json\/wp\/v2\/categories?post=79477"},{"taxonomy":"post_tag","embeddable":true,"href":"https:\/\/linitiative.ca\/International\/wp-json\/wp\/v2\/tags?post=79477"}],"curies":[{"name":"wp","href":"https:\/\/api.w.org\/{rel}","templated":true}]}}