{"id":79479,"date":"2020-03-18T17:18:08","date_gmt":"2020-03-18T21:18:08","guid":{"rendered":"https:\/\/linitiative.ca\/International\/covid-19-une-fatwa-rend-non-obligatoire-la-priere-du-vendredi-en-mauritanie\/"},"modified":"2020-03-18T17:18:08","modified_gmt":"2020-03-18T21:18:08","slug":"covid-19-une-fatwa-rend-non-obligatoire-la-priere-du-vendredi-en-mauritanie","status":"publish","type":"post","link":"https:\/\/linitiative.ca\/International\/covid-19-une-fatwa-rend-non-obligatoire-la-priere-du-vendredi-en-mauritanie\/","title":{"rendered":"Covid-19: une fatwa rend non obligatoire la pri\u00e8re du vendredi en Mauritanie"},"content":{"rendered":"<div readability=\"32\">\n<p>Publi\u00e9 le 18.03.2020 \u00e0 22h18 par APA News<\/p>\n<\/div>\n<div readability=\"54\">\n<p>L\u2019Union des imams de mosqu\u00e9es de Mauritanie a rendu publique mercredi une fatwa dans laquelle elle affranchit les musulmans de l\u2019obligation de la pri\u00e8re du vendredi \u00e0 cause du risque de propagation du coronavirus (COVID-19).Elle a justifi\u00e9 sa fatwa par les mesures pr\u00e9ventives d\u00e9cid\u00e9es par le comit\u00e9 minist\u00e9riel charg\u00e9 du suivi de la propagation du COVID-19 et pr\u00e9sid\u00e9 par le premier ministre Ismael Bedde Cheikh Sidiya.<\/p>\n<p>Ces mesures comprennent, entre autres, l\u2019interdiction de rassemblements qui peuvent favoriser la transmission du virus \u00e0 une grande \u00e9chelle.<\/p>\n<p>L\u2019Union des imams a soulign\u00e9 que les motifs qui autorisent le musulman \u00e0 s\u2019absenter de la pri\u00e8re dans la mosqu\u00e9e comprennent \u00ab\u00a0la peur\u00a0\u00bb et l\u2019existence \u00ab\u00a0d\u2019\u00e9pid\u00e9mie\u00a0\u00bb.<\/p>\n<p>Elle a \u00e9nonc\u00e9 \u00ab\u00a0qu\u2019\u00e9tant donn\u00e9 que l\u2019\u00e9pid\u00e9mie du coronavirus tr\u00e8s r\u00e9pandue a conduit \u00e0 la prise de mesures pr\u00e9ventives comprenant la mise en garde contre les regroupements, nous demandons \u00e0 l\u2019ensemble des musulmans d\u2019\u00e9viter les rassemblements \u00bb.<\/p>\n<p>La Mauritanie contient jusqu\u2019\u00e0 pr\u00e9sent deux cas de Covid-19 confirm\u00e9s officiellement dont le premier a \u00e9t\u00e9 annonc\u00e9 vendredi dernier et le second ce mercredi 18 mars.<\/p>\n<p>Il s\u2019agit de deux ressortissants \u00e9trangers qui ont \u00e9t\u00e9 mis en quarantaine ainsi que les personnes qu\u2019ils ont contact\u00e9es depuis leur arriv\u00e9e en Mauritanie il y a quelques jours.<\/p>\n<\/div>\n<p>Auteur: APA News<br \/>\n<a href=\"https:\/\/www.journalducameroun.com\/covid-19-une-fatwa-rend-non-obligatoire-la-priere-du-vendredi-en-mauritanie\/\">Cliquez ici pour lire l&rsquo;article depuis sa source.<\/a><\/p>\n","protected":false},"excerpt":{"rendered":"<p>Publi\u00e9 le 18.03.2020 \u00e0 22h18 par APA News L\u2019Union des imams de mosqu\u00e9es de Mauritanie a rendu publique mercredi une fatwa dans laquelle elle affranchit les musulmans de l\u2019obligation de la pri\u00e8re du vendredi \u00e0 cause du risque de propagation du coronavirus (COVID-19).Elle a justifi\u00e9 sa fatwa par les mesures pr\u00e9ventives d\u00e9cid\u00e9es par le comit\u00e9 [&hellip;]<\/p>\n","protected":false},"author":1965,"featured_media":0,"comment_status":"closed","ping_status":"closed","sticky":false,"template":"","format":"standard","meta":{"fifu_image_url":"","fifu_image_alt":"","footnotes":""},"categories":[73,82],"tags":[],"class_list":["post-79479","post","type-post","status-publish","format-standard","hentry","category-actualite","category-cameroun"],"_links":{"self":[{"href":"https:\/\/linitiative.ca\/International\/wp-json\/wp\/v2\/posts\/79479","targetHints":{"allow":["GET"]}}],"collection":[{"href":"https:\/\/linitiative.ca\/International\/wp-json\/wp\/v2\/posts"}],"about":[{"href":"https:\/\/linitiative.ca\/International\/wp-json\/wp\/v2\/types\/post"}],"author":[{"embeddable":true,"href":"https:\/\/linitiative.ca\/International\/wp-json\/wp\/v2\/users\/1965"}],"replies":[{"embeddable":true,"href":"https:\/\/linitiative.ca\/International\/wp-json\/wp\/v2\/comments?post=79479"}],"version-history":[{"count":0,"href":"https:\/\/linitiative.ca\/International\/wp-json\/wp\/v2\/posts\/79479\/revisions"}],"wp:attachment":[{"href":"https:\/\/linitiative.ca\/International\/wp-json\/wp\/v2\/media?parent=79479"}],"wp:term":[{"taxonomy":"category","embeddable":true,"href":"https:\/\/linitiative.ca\/International\/wp-json\/wp\/v2\/categories?post=79479"},{"taxonomy":"post_tag","embeddable":true,"href":"https:\/\/linitiative.ca\/International\/wp-json\/wp\/v2\/tags?post=79479"}],"curies":[{"name":"wp","href":"https:\/\/api.w.org\/{rel}","templated":true}]}}