{"id":79487,"date":"2020-03-19T09:00:17","date_gmt":"2020-03-19T13:00:17","guid":{"rendered":"https:\/\/linitiative.ca\/International\/gestion-des-dechets-plastiques-agricoles-agrotech-souss-massa-lance-un-nouveau-projet\/"},"modified":"2020-03-19T09:00:17","modified_gmt":"2020-03-19T13:00:17","slug":"gestion-des-dechets-plastiques-agricoles-agrotech-souss-massa-lance-un-nouveau-projet","status":"publish","type":"post","link":"https:\/\/linitiative.ca\/International\/gestion-des-dechets-plastiques-agricoles-agrotech-souss-massa-lance-un-nouveau-projet\/","title":{"rendered":"Gestion des d\u00e9chets plastiques agricoles : Agrotech Souss-Massa lance un nouveau projet"},"content":{"rendered":"<header>\n<\/header>\n<div class=\"entry-content clearfix\" readability=\"61\"><img decoding=\"async\" class=\"post_layout_5_img\" src=\"http:\/\/aujourdhui.ma\/wp-content\/uploads\/2020\/03\/Gestion-des-de\u0301chets-plastiques.jpg?x29840\" alt=\"Gestion des d&#xE9;chets plastiques agricoles : Agrotech Souss-Massa lance un nouveau projet\"\/><\/p>\n<p class=\"p1\"><span class=\"c4\"><strong><span class=\"s1\"><em>Ils constituent un grave probl\u00e8me environnemental<\/em><\/span><\/strong><\/span><span id=\"more-337332\"\/><\/p>\n<div class=\"base-box mom_box_sc_custom mom_box_sc clear c5\" readability=\"9\">\n<p class=\"p1\"><strong><span class=\"s1\"><em>Il existe des moyens de recyclage et de valorisation de ces d\u00e9chets permettant \u00e0 la fois de limiter la pollution et d\u2019am\u00e9liorer les conditions \u00e9conomiques des populations des zones rurales concern\u00e9es \u00e0 travers la cr\u00e9ation d\u2019une \u00e9conomie circulaire.<\/em><\/span><\/strong><\/p>\n<\/div>\n<p class=\"p1\"><span class=\"s1\">La r\u00e9gion Souss-Massa veut valoriser ses d\u00e9chets plastiques agricoles \u00e0 travers le lancement d\u2019un important projet par l\u2019Association Agrotechnologies du Souss-Massa, \u00abAgrotech-SM\u00bb pour accompagner les agriculteurs de la r\u00e9gion dans le recyclage de leurs d\u00e9chets.<\/span><\/p>\n<p class=\"p1\"><span class=\"s1\">Les d\u00e9chets plastiques d\u2019origine agricole constituent un grave probl\u00e8me environnemental au moment o\u00f9 il existe des moyens de recyclage et de valorisation de ces d\u00e9chets permettant \u00e0 la fois de limiter la pollution et d\u2019am\u00e9liorer les conditions \u00e9conomiques des populations des zones rurales concern\u00e9es \u00e0 travers la cr\u00e9ation d\u2019une \u00e9conomie circulaire. L\u2019Association Agrotech-SM s\u2019est int\u00e9ress\u00e9e depuis 2014 aux probl\u00e8mes pos\u00e9s par les d\u00e9chets agricoles sur l\u2019environnement et la sant\u00e9 humaine. En collaboration avec le Conseil r\u00e9gional du Souss-Massa et la Fondation Cr\u00e9dit Agricole du Maroc pour le d\u00e9veloppement durable, elle a r\u00e9alis\u00e9 de nombreux ateliers de sensibilisation et de formation des acteurs de la r\u00e9gion li\u00e9s \u00e0 la gestion et \u00e0 la valorisation de ces d\u00e9chets. L\u2019\u00e9volution rapide de l\u2019organisation de la fili\u00e8re entre 2017 et 2018 et les concertations men\u00e9es avec la Direction r\u00e9gionale de l\u2019environnement et avec les professionnels de la fili\u00e8re au niveau r\u00e9gional, ont conduit \u00e0 la signature d\u2019une convention entre le minist\u00e8re de l\u2019\u00e9nergie, des mines et de l\u2019environnement et l\u2019Association Agrotech-SM. Cette convention a une dur\u00e9e de trois ans et pr\u00e9voit le lancement du projet de valorisation des plastiques agricoles dans le Souss-Massa.<\/span><\/p>\n<p class=\"p1\"><span class=\"s1\">Celui-ci vient pour soutenir l\u2019int\u00e9gration socio-\u00e9conomique des acteurs locaux en mati\u00e8re de valorisation durable des d\u00e9chets plastiques agricoles dans la r\u00e9gion. Cette nouvelle initiative pilot\u00e9e par Agrotech-SM porte sur l\u2019organisation de la fili\u00e8re r\u00e9gionale de tri et de valorisation des d\u00e9chets plastiques agricoles dans le Souss-Massa et l\u2019int\u00e9gration des unit\u00e9s informelles dans la fili\u00e8re structur\u00e9e, la pr\u00e9paration d\u2019une \u00e9tude sur les sc\u00e9narios possibles pour la mise en place d\u2019une plateforme de valorisation des d\u00e9chets plastiques agricoles, ainsi que la contribution \u00e0 la r\u00e9habilitation des unit\u00e9s structur\u00e9es pour la valorisation des d\u00e9chets plastiques agricoles avec l\u2019acquisition de machines et d\u2019\u00e9quipements industriels pour renforcer les \u00e9quipements de ces unit\u00e9s.<\/span><\/p>\n<p class=\"p1\"><span class=\"s1\">Ce dernier vise aussi l\u2019int\u00e9gration de la fili\u00e8re dans le tissu \u00e9conomique de la r\u00e9gion et en particulier dans l\u2019\u00e9conomie circulaire et l\u2019\u00e9conomie verte, le renforcement des activit\u00e9s de sensibilisation et de renforcement des capacit\u00e9s des acteurs locaux concern\u00e9s et des op\u00e9rateurs, et \u00e9galement le d\u00e9veloppement d\u2019une base de donn\u00e9es pour la collecte de donn\u00e9es sur la fili\u00e8re afin de pouvoir assurer le suivi et le reporting.<\/span><\/p>\n<\/div>\n<p>Auteur: Mohamed Laabid<br \/>\n<a href=\"http:\/\/aujourdhui.ma\/societe\/gestion-des-dechets-plastiques-agricoles-agrotech-souss-massa-lance-un-nouveau-projet\">Cliquez ici pour lire l&rsquo;article depuis sa source.<\/a><\/p>\n","protected":false},"excerpt":{"rendered":"<p>Ils constituent un grave probl\u00e8me environnemental Il existe des moyens de recyclage et de valorisation de ces d\u00e9chets permettant \u00e0 la fois de limiter la pollution et d\u2019am\u00e9liorer les conditions \u00e9conomiques des populations des zones rurales concern\u00e9es \u00e0 travers la cr\u00e9ation d\u2019une \u00e9conomie circulaire. La r\u00e9gion Souss-Massa veut valoriser ses d\u00e9chets plastiques agricoles \u00e0 travers [&hellip;]<\/p>\n","protected":false},"author":1759,"featured_media":0,"comment_status":"closed","ping_status":"closed","sticky":false,"template":"","format":"standard","meta":{"fifu_image_url":"","fifu_image_alt":"","footnotes":""},"categories":[73,54],"tags":[],"class_list":["post-79487","post","type-post","status-publish","format-standard","hentry","category-actualite","category-maroc"],"_links":{"self":[{"href":"https:\/\/linitiative.ca\/International\/wp-json\/wp\/v2\/posts\/79487","targetHints":{"allow":["GET"]}}],"collection":[{"href":"https:\/\/linitiative.ca\/International\/wp-json\/wp\/v2\/posts"}],"about":[{"href":"https:\/\/linitiative.ca\/International\/wp-json\/wp\/v2\/types\/post"}],"author":[{"embeddable":true,"href":"https:\/\/linitiative.ca\/International\/wp-json\/wp\/v2\/users\/1759"}],"replies":[{"embeddable":true,"href":"https:\/\/linitiative.ca\/International\/wp-json\/wp\/v2\/comments?post=79487"}],"version-history":[{"count":0,"href":"https:\/\/linitiative.ca\/International\/wp-json\/wp\/v2\/posts\/79487\/revisions"}],"wp:attachment":[{"href":"https:\/\/linitiative.ca\/International\/wp-json\/wp\/v2\/media?parent=79487"}],"wp:term":[{"taxonomy":"category","embeddable":true,"href":"https:\/\/linitiative.ca\/International\/wp-json\/wp\/v2\/categories?post=79487"},{"taxonomy":"post_tag","embeddable":true,"href":"https:\/\/linitiative.ca\/International\/wp-json\/wp\/v2\/tags?post=79487"}],"curies":[{"name":"wp","href":"https:\/\/api.w.org\/{rel}","templated":true}]}}