{"id":79488,"date":"2020-03-19T10:00:07","date_gmt":"2020-03-19T14:00:07","guid":{"rendered":"https:\/\/linitiative.ca\/International\/confinement-en-temps-de-corona-une-aubaine-pour-les-artistes-peintres\/"},"modified":"2020-03-19T10:00:07","modified_gmt":"2020-03-19T14:00:07","slug":"confinement-en-temps-de-corona-une-aubaine-pour-les-artistes-peintres","status":"publish","type":"post","link":"https:\/\/linitiative.ca\/International\/confinement-en-temps-de-corona-une-aubaine-pour-les-artistes-peintres\/","title":{"rendered":"Confinement en temps de corona : Une aubaine pour les artistes-peintres ?"},"content":{"rendered":"<p><img decoding=\"async\" class=\"post_layout_5_img\" src=\"http:\/\/aujourdhui.ma\/wp-content\/uploads\/2020\/03\/artistes-peintres.jpg?x29840\" alt=\"Confinement en temps de corona : Une aubaine pour les artistes-peintres ?\"\/><\/p>\n<p class=\"p1\"><span class=\"c4\"><strong><span class=\"s1\"><em>Pour l\u2019heure, Rachid Benabdellah ne se met pas au confinement. Et pourtant, il est tout le temps cr\u00e9atif. En temps libre, il partage m\u00eame des lives, diffusant sa cr\u00e9ativit\u00e9, sur ses pages officielles sur les diff\u00e9rents r\u00e9seaux sociaux.<\/em><\/span><\/strong><\/span> <span id=\"more-337355\"\/><\/p>\n<div class=\"base-box mom_box_sc_custom mom_box_sc clear c6\" readability=\"11\">\n<p class=\"p1\"><span class=\"c5\"><strong><span class=\"s1\"><em>Le confinement serait-il une opportunit\u00e9 pour les artistes-peintres afin de mieux cr\u00e9er ? La question peut l\u00e9gitimement bien se poser en ces temps de corona marqu\u00e9s \u00e9galement par l\u2019arr\u00eat de la vie culturelle et artistique ainsi que la fermeture temporaire des espaces qui leur sont d\u00e9di\u00e9s. Entre ceux qui estiment qu\u2019une \u0153uvre est cens\u00e9e \u00eatre d\u00e9di\u00e9e \u00e0 ce virus et d\u2019autres qui profitent du confinement pour plus de cr\u00e9ativit\u00e9 mod\u00e9r\u00e9e et appeler \u00e0 la solidarit\u00e9, les avis\u00a0<\/em><\/span><span class=\"s1\"><em>divergent.<\/em><\/span><\/strong><\/span><\/p>\n<\/div>\n<p class=\"p1\"><strong>Une toile pour immortaliser le corona<\/strong><\/p>\n<p class=\"p2\"><span class=\"s1\">Entre autres, l\u2019artiste-peintre marocain Rachid Benabdellah<span class=\"Apple-converted-space\">\u00a0<\/span> indique : <em>\u00abIl faut qu\u2019un de nos artistes pense \u00e0 cr\u00e9er une \u0153uvre pour immortaliser ce virus. Comme \u00e7a, les prochaines g\u00e9n\u00e9rations en auront une id\u00e9e\u00bb.<\/em> Pour l\u2019heure, Rachid Benabdellah ne se met pas au confinement. Et pourtant, il est tout le temps cr\u00e9atif. En temps libre, il partage m\u00eame des lives, diffusant sa cr\u00e9ativit\u00e9, sur ses pages officielles sur les diff\u00e9rents r\u00e9seaux sociaux. \u00ab<em>Je viens de commander chez un menuisier une quinzaine de morceaux de bois pour travailler sur ces mati\u00e8res. Ainsi, si je dois me confiner, j\u2019aurai du mat\u00e9riel\u00bb,<\/em> avance-t-il. Si cet artiste a le moral pour cr\u00e9er, un autre n\u2019en a pas.<\/span><\/p>\n<p class=\"p1\"><strong>L\u2019esth\u00e9tique serait\u00a0<\/strong><strong>la solidarit\u00e9<\/strong><\/p>\n<p class=\"p2\"><span class=\"s2\">Quant \u00e0 l\u2019artiste-peintre marocain Aziz Tounsi, il dit suivre les instructions ayant trait \u00e0 la conjoncture actuelle. <em>\u00abJe n\u2019ai pas le moral en ces temps. Je n\u2019arrive m\u00eame pas \u00e0 \u00eatre cr\u00e9atif\u00bb,<\/em> r\u00e9v\u00e8le-t-il. Des propos \u00e9vidents puisque la cr\u00e9ativit\u00e9 d\u00e9pend naturellement du moral. Cependant, Aziz Tounsi ne manque pas de contribuer \u00e0 la sensibilisation. Sur sa page Facebook, il a partag\u00e9 une vid\u00e9o invitant \u00e0 rester chez soi en ces moments et se plier aux instructions gouvernementales li\u00e9es au Covid-19. <em>\u00ab En tant qu\u2019artistes-peintres, notre r\u00f4le c\u2019est de dessiner la beaut\u00e9. Mais en ces temps, l\u2019esth\u00e9tique serait la solidarit\u00e9. C\u2019est la meilleure image que nous pouvons v\u00e9hiculer en cette p\u00e9riode\u00bb,<\/em> indique-t-il en encha\u00eenant des pri\u00e8res pour l\u2019ensemble de la patrie.<\/span><\/p>\n<p class=\"p4\"><strong>Un peu de\u00a0<\/strong><strong>cr\u00e9ativit\u00e9 quand m\u00eame<\/strong><\/p>\n<p class=\"p2\"><span class=\"s2\">De son c\u00f4t\u00e9, l\u2019artiste-peintre marocaine, Hayat Bichr Benjamaa, profite quand m\u00eame du confinement pour \u00abcr\u00e9er un peu\u00bb. <em>\u00abJe suis tout le temps les informations pour \u00eatre au courant l\u2019\u00e9volution du coronavirus\u00bb,<\/em> d\u00e9taille-t-elle. L\u2019artiste-peintre, qui dit collaborer \u00e0 un projet susceptible de voir le jour vers la prochaine rentr\u00e9e, ne manque pas de donner l\u2019exemple d\u2019autres pairs. Elle rappelle la d\u00e9marche d\u2019artistes-peintres qui restent chez eux de trois jours \u00e0 un mois pour cr\u00e9er. Ainsi, le confinement serait une bonne occa<\/span>sion pour mieux cr\u00e9er.<\/p>\n<p>Auteur: Salima Guisser<br \/>\n<a href=\"http:\/\/aujourdhui.ma\/culture\/confinement-en-temps-de-corona-une-aubaine-pour-les-artistes-peintres\">Cliquez ici pour lire l&rsquo;article depuis sa source.<\/a><\/p>\n","protected":false},"excerpt":{"rendered":"<p>Pour l\u2019heure, Rachid Benabdellah ne se met pas au confinement. Et pourtant, il est tout le temps cr\u00e9atif. En temps libre, il partage m\u00eame des lives, diffusant sa cr\u00e9ativit\u00e9, sur ses pages officielles sur les diff\u00e9rents r\u00e9seaux sociaux. Le confinement serait-il une opportunit\u00e9 pour les artistes-peintres afin de mieux cr\u00e9er ? La question peut l\u00e9gitimement [&hellip;]<\/p>\n","protected":false},"author":1759,"featured_media":0,"comment_status":"closed","ping_status":"closed","sticky":false,"template":"","format":"standard","meta":{"fifu_image_url":"","fifu_image_alt":"","footnotes":""},"categories":[73,54],"tags":[],"class_list":["post-79488","post","type-post","status-publish","format-standard","hentry","category-actualite","category-maroc"],"_links":{"self":[{"href":"https:\/\/linitiative.ca\/International\/wp-json\/wp\/v2\/posts\/79488","targetHints":{"allow":["GET"]}}],"collection":[{"href":"https:\/\/linitiative.ca\/International\/wp-json\/wp\/v2\/posts"}],"about":[{"href":"https:\/\/linitiative.ca\/International\/wp-json\/wp\/v2\/types\/post"}],"author":[{"embeddable":true,"href":"https:\/\/linitiative.ca\/International\/wp-json\/wp\/v2\/users\/1759"}],"replies":[{"embeddable":true,"href":"https:\/\/linitiative.ca\/International\/wp-json\/wp\/v2\/comments?post=79488"}],"version-history":[{"count":0,"href":"https:\/\/linitiative.ca\/International\/wp-json\/wp\/v2\/posts\/79488\/revisions"}],"wp:attachment":[{"href":"https:\/\/linitiative.ca\/International\/wp-json\/wp\/v2\/media?parent=79488"}],"wp:term":[{"taxonomy":"category","embeddable":true,"href":"https:\/\/linitiative.ca\/International\/wp-json\/wp\/v2\/categories?post=79488"},{"taxonomy":"post_tag","embeddable":true,"href":"https:\/\/linitiative.ca\/International\/wp-json\/wp\/v2\/tags?post=79488"}],"curies":[{"name":"wp","href":"https:\/\/api.w.org\/{rel}","templated":true}]}}