{"id":79490,"date":"2020-03-19T10:56:26","date_gmt":"2020-03-19T14:56:26","guid":{"rendered":"https:\/\/linitiative.ca\/International\/fonds-special-londa-apporte-une-contribution-de-200-mdh\/"},"modified":"2020-03-19T10:56:26","modified_gmt":"2020-03-19T14:56:26","slug":"fonds-special-londa-apporte-une-contribution-de-200-mdh","status":"publish","type":"post","link":"https:\/\/linitiative.ca\/International\/fonds-special-londa-apporte-une-contribution-de-200-mdh\/","title":{"rendered":"Fonds sp\u00e9cial : L\u2019ONDA apporte  une contribution de 200 MDH"},"content":{"rendered":"<header>\n<\/header>\n<div class=\"entry-content clearfix\" readability=\"48\"><img decoding=\"async\" class=\"post_layout_5_img\" src=\"http:\/\/aujourdhui.ma\/wp-content\/uploads\/2019\/03\/Zouhair-Mohammed-El-Aoufir-Directeur-Ge\u0301ne\u0301ral-de-lONDA.jpg?x29840\" alt=\"Fonds sp&#xE9;cial : L&#x2019;ONDA apporte une contribution de 200 MDH\"\/><\/p>\n<p class=\"p1\"><span class=\"c4\"><strong>L\u2019Office national des a\u00e9roports (ONDA) a d\u00e9cid\u00e9 d\u2019apporter une contribution de 200 millions de dirhams (MDH) au Fonds sp\u00e9cial d\u00e9di\u00e9 \u00e0 la gestion de la pand\u00e9mie du coronavirus (Covid-19), apprend-on de source autoris\u00e9e \u00e0 l\u2019Office.<\/strong><\/span> <span id=\"more-337378\"\/><\/p>\n<p class=\"p1\">Cette contribution <em>\u00ab\u00e9mane de l\u2019engagement citoyen de l\u2019Office et du devoir de solidarit\u00e9 nationale dans ces circonstances particuli\u00e8res\u00bb<\/em>, souligne la m\u00eame source.<\/p>\n<p class=\"p1\">Mis en place sur Hautes instructions de SM le Roi Mohammed VI, le Fonds sp\u00e9cial sera r\u00e9serv\u00e9 \u00e0 la prise en charge des d\u00e9penses de mise \u00e0 niveau du dispositif m\u00e9dical, en termes d\u2019infrastructures adapt\u00e9es et de moyens suppl\u00e9mentaires \u00e0 acqu\u00e9rir dans l\u2019urgence, ainsi qu\u2019au soutien de l\u2019\u00e9conomie nationale, \u00e0 travers une batterie de mesures qui seront propos\u00e9es par le gouvernement.<\/p>\n<\/div>\n<p>Auteur: ALM<br \/>\n<a href=\"http:\/\/aujourdhui.ma\/actualite\/fonds-special-londa-apporte-une-contribution-de-200-mdh\">Cliquez ici pour lire l&rsquo;article depuis sa source.<\/a><\/p>\n","protected":false},"excerpt":{"rendered":"<p>L\u2019Office national des a\u00e9roports (ONDA) a d\u00e9cid\u00e9 d\u2019apporter une contribution de 200 millions de dirhams (MDH) au Fonds sp\u00e9cial d\u00e9di\u00e9 \u00e0 la gestion de la pand\u00e9mie du coronavirus (Covid-19), apprend-on de source autoris\u00e9e \u00e0 l\u2019Office. Cette contribution \u00ab\u00e9mane de l\u2019engagement citoyen de l\u2019Office et du devoir de solidarit\u00e9 nationale dans ces circonstances particuli\u00e8res\u00bb, souligne la [&hellip;]<\/p>\n","protected":false},"author":1759,"featured_media":0,"comment_status":"closed","ping_status":"closed","sticky":false,"template":"","format":"standard","meta":{"fifu_image_url":"","fifu_image_alt":"","footnotes":""},"categories":[73,54],"tags":[],"class_list":["post-79490","post","type-post","status-publish","format-standard","hentry","category-actualite","category-maroc"],"_links":{"self":[{"href":"https:\/\/linitiative.ca\/International\/wp-json\/wp\/v2\/posts\/79490","targetHints":{"allow":["GET"]}}],"collection":[{"href":"https:\/\/linitiative.ca\/International\/wp-json\/wp\/v2\/posts"}],"about":[{"href":"https:\/\/linitiative.ca\/International\/wp-json\/wp\/v2\/types\/post"}],"author":[{"embeddable":true,"href":"https:\/\/linitiative.ca\/International\/wp-json\/wp\/v2\/users\/1759"}],"replies":[{"embeddable":true,"href":"https:\/\/linitiative.ca\/International\/wp-json\/wp\/v2\/comments?post=79490"}],"version-history":[{"count":0,"href":"https:\/\/linitiative.ca\/International\/wp-json\/wp\/v2\/posts\/79490\/revisions"}],"wp:attachment":[{"href":"https:\/\/linitiative.ca\/International\/wp-json\/wp\/v2\/media?parent=79490"}],"wp:term":[{"taxonomy":"category","embeddable":true,"href":"https:\/\/linitiative.ca\/International\/wp-json\/wp\/v2\/categories?post=79490"},{"taxonomy":"post_tag","embeddable":true,"href":"https:\/\/linitiative.ca\/International\/wp-json\/wp\/v2\/tags?post=79490"}],"curies":[{"name":"wp","href":"https:\/\/api.w.org\/{rel}","templated":true}]}}