{"id":79496,"date":"2020-03-19T07:20:30","date_gmt":"2020-03-19T11:20:30","guid":{"rendered":"https:\/\/linitiative.ca\/International\/pandemie-de-covid-19-mesures-exceptionnelles-de-la-bct-pour-attenuer-limpact-economique\/"},"modified":"2020-03-19T07:20:30","modified_gmt":"2020-03-19T11:20:30","slug":"pandemie-de-covid-19-mesures-exceptionnelles-de-la-bct-pour-attenuer-limpact-economique","status":"publish","type":"post","link":"https:\/\/linitiative.ca\/International\/pandemie-de-covid-19-mesures-exceptionnelles-de-la-bct-pour-attenuer-limpact-economique\/","title":{"rendered":"Pand\u00e9mie de Covid-19 : Mesures exceptionnelles de la BCT pour att\u00e9nuer l\u2019impact \u00e9conomique"},"content":{"rendered":"<p>Le Conseil d\u2019Administration de la Banque centrale de Tunisie, r\u00e9uni le 17 mars 2020, a pris une s\u00e9rie de mesures exceptionnelles afin de soutenir l\u2019effort national visant \u00e0 att\u00e9nuer les r\u00e9percussions \u00e9conomiques de la propagation du Coronavirus.<\/p>\n<p>A ce titre, il a \u00e9t\u00e9 d\u00e9cid\u00e9 de baisser le taux d\u2019int\u00e9r\u00eat directeur de la BCT de 100 points de base pour le ramener \u00e0 6,75 %, ce qui permettra d\u2019all\u00e9ger le fardeau financier des personnes endett\u00e9es aupr\u00e8s des banques, leur conf\u00e9rant un pouvoir d\u2019achat suppl\u00e9mentaire face aux circonstances actuelles.<\/p>\n<p>Cette baisse du taux directeur permettra par ailleurs d\u2019all\u00e9ger les charges financi\u00e8res des entreprises, en particulier les PME, afin de pr\u00e9server leur p\u00e9rennit\u00e9 et leurs effectifs.<\/p>\n<p>La BCT a aussi affirm\u00e9 sa disposition \u00e0 fournir aux banques les liquidit\u00e9s n\u00e9cessaires \u00e0 la poursuite de leur activit\u00e9, dans cette phase exceptionnelle.<\/p>\n<p>D\u2019autre part, dans un souci de garantir la stabilit\u00e9 du secteur financier, la BCT \u00e9mettra \u00e0 l\u2019adresse des banques et aux institutions financi\u00e8res une circulaire comprenant une s\u00e9rie de mesures exceptionnelles visant \u00e0 soutenir les entreprises \u00e9conomiques, afin de pr\u00e9server le tissu \u00e9conomique et les postes d\u2019emploi.<\/p>\n<p>Une fois \u00e9mise, cette circulaire permettra :<\/p>\n<p>\u2013 D\u2019accorder aux entreprises la possibilit\u00e9 de reporter le paiement tranches de cr\u00e9dits arrivant \u00e0 \u00e9ch\u00e9ance (principal et int\u00e9r\u00eat) durant la p\u00e9riode allant du 1er mars \u00e0 fin septembre 2020 et de r\u00e9\u00e9chelonner le remboursement selon la capacit\u00e9 de chaque b\u00e9n\u00e9ficiaire.<\/p>\n<p>Cette disposition inclura les cr\u00e9dits professionnels octroy\u00e9s aux clients class\u00e9s 0 et 1 et qui d\u00e9poseront une demande dans ce sens aupr\u00e8s des banques et institutions financi\u00e8res.<\/p>\n<p>\u2013 La possibilit\u00e9 d\u2019octroyer de nouveaux financements aux b\u00e9n\u00e9ficiaires du report.<\/p>\n<p>\u2013 La possibilit\u00e9 de faire b\u00e9n\u00e9ficier les clients class\u00e9s 2 et 3 des proc\u00e9dures de report susmentionn\u00e9es, selon le cas et selon la situation du client.<\/p>\n<p>Pour faciliter cette op\u00e9ration et afin de renforcer la capacit\u00e9 du secteur bancaire \u00e0 soutenir les institutions \u00e9conomiques, une certaine flexibilit\u00e9 sera apport\u00e9e en mati\u00e8re d\u2019application des normes prudentielles. Ainsi, les mesures de soutien ne seront pas consid\u00e9r\u00e9es comme \u00e9tant une restructuration des cr\u00e9dits et la p\u00e9riode du report ne sera pas comptabilis\u00e9e dans l\u2019anciennet\u00e9 des cr\u00e9ances. Il y aura, \u00e9galement, un traitement plus flexible du ratio des pr\u00eats sur les d\u00e9p\u00f4ts.<\/p>\n<p>La Banque centrale de Tunisie sera pr\u00eate, en coordination avec le minist\u00e8re des Finances, \u00e0 prendre des mesures suppl\u00e9mentaires, si n\u00e9cessaire.<\/p>\n<p>Enfin, pour limiter le d\u00e9placement des clients aux agences bancaires dans l\u2019objectif d\u2019\u00e9viter les risques de propagation du coronavirus, il a \u00e9t\u00e9 d\u00e9cid\u00e9 d\u2019assurer la continuit\u00e9 des services de retrait aux distributeurs d\u2019une fa\u00e7on gratuite \u00e0 travers la suppression des frais de retrait.<\/p>\n<div class=\"wp-post-author-wrap wp-post-author-shortcode left\">\n<h3 class=\"awpa-title\"\/>\n<div class=\"wp-post-author\">\n<div class=\"awpa-img awpa-author-block square\"><a href=\"http:\/\/lexpertjournal.net\/fr\/?author=5\"><img loading=\"lazy\" decoding=\"async\" alt=\"\" src=\"http:\/\/0.gravatar.com\/avatar\/97f8e10a1c1125ba104a76514ee07b16?s=150&amp;d=mm&amp;r=g\" srcset=\"http:\/\/0.gravatar.com\/avatar\/97f8e10a1c1125ba104a76514ee07b16?s=300&amp;d=mm&amp;r=g 2x\" class=\"avatar avatar-150 photo\" height=\"150\" width=\"150\"\/><\/a><\/div>\n<\/div>\n<\/div>\n<aside class=\"mashsb-container mashsb-main mashsb-stretched\">\n<\/aside>\n<p>Auteur: L&rsquo;expert<br \/>\n<a href=\"http:\/\/lexpertjournal.net\/fr\/?p=13086\">Cliquez ici pour lire l&rsquo;article depuis sa source.<\/a><\/p>\n","protected":false},"excerpt":{"rendered":"<p>Le Conseil d\u2019Administration de la Banque centrale de Tunisie, r\u00e9uni le 17 mars 2020, a pris une s\u00e9rie de mesures exceptionnelles afin de soutenir l\u2019effort national visant \u00e0 att\u00e9nuer les r\u00e9percussions \u00e9conomiques de la propagation du Coronavirus. A ce titre, il a \u00e9t\u00e9 d\u00e9cid\u00e9 de baisser le taux d\u2019int\u00e9r\u00eat directeur de la BCT de 100 [&hellip;]<\/p>\n","protected":false},"author":1775,"featured_media":0,"comment_status":"closed","ping_status":"closed","sticky":false,"template":"","format":"standard","meta":{"fifu_image_url":"","fifu_image_alt":"","footnotes":""},"categories":[78,55],"tags":[],"class_list":["post-79496","post","type-post","status-publish","format-standard","hentry","category-economie","category-tunisie"],"_links":{"self":[{"href":"https:\/\/linitiative.ca\/International\/wp-json\/wp\/v2\/posts\/79496","targetHints":{"allow":["GET"]}}],"collection":[{"href":"https:\/\/linitiative.ca\/International\/wp-json\/wp\/v2\/posts"}],"about":[{"href":"https:\/\/linitiative.ca\/International\/wp-json\/wp\/v2\/types\/post"}],"author":[{"embeddable":true,"href":"https:\/\/linitiative.ca\/International\/wp-json\/wp\/v2\/users\/1775"}],"replies":[{"embeddable":true,"href":"https:\/\/linitiative.ca\/International\/wp-json\/wp\/v2\/comments?post=79496"}],"version-history":[{"count":0,"href":"https:\/\/linitiative.ca\/International\/wp-json\/wp\/v2\/posts\/79496\/revisions"}],"wp:attachment":[{"href":"https:\/\/linitiative.ca\/International\/wp-json\/wp\/v2\/media?parent=79496"}],"wp:term":[{"taxonomy":"category","embeddable":true,"href":"https:\/\/linitiative.ca\/International\/wp-json\/wp\/v2\/categories?post=79496"},{"taxonomy":"post_tag","embeddable":true,"href":"https:\/\/linitiative.ca\/International\/wp-json\/wp\/v2\/tags?post=79496"}],"curies":[{"name":"wp","href":"https:\/\/api.w.org\/{rel}","templated":true}]}}