{"id":79497,"date":"2020-03-19T07:21:40","date_gmt":"2020-03-19T11:21:40","guid":{"rendered":"https:\/\/linitiative.ca\/International\/dessertes-transtu-nouvelle-programmation-dans-le-grand-tunis\/"},"modified":"2020-03-19T07:21:40","modified_gmt":"2020-03-19T11:21:40","slug":"dessertes-transtu-nouvelle-programmation-dans-le-grand-tunis","status":"publish","type":"post","link":"https:\/\/linitiative.ca\/International\/dessertes-transtu-nouvelle-programmation-dans-le-grand-tunis\/","title":{"rendered":"Dessertes TRANSTU : Nouvelle programmation dans le Grand Tunis"},"content":{"rendered":"<p>La Soci\u00e9t\u00e9 des Transports de Tunis (TRANSTU) a annonc\u00e9 l\u2019adoption, \u00e0 partir du mercredi 18 mars 2020, d\u2019une nouvelle programmation au niveau de ses dessertes, dans le Grand Tunis, suite \u00e0 la d\u00e9cision du couvre-feu, de 18h \u00e0 06h du matin.<\/p>\n<p>La soci\u00e9t\u00e9 a ajout\u00e9 dans un communiqu\u00e9 publi\u00e9 que le changement sera comme suit:<\/p>\n<p>R\u00e9seau des bus:<\/p>\n<p>-A partir des cit\u00e9s: La premi\u00e8re desserte sera \u00e0 6H du matin tandis que la derni\u00e8re desserte sera \u00e0 16h<\/p>\n<p>-A partir du Centre Ville de Tunis: La premi\u00e8re desserte sera \u00e0 6H du matin, la derni\u00e8re desserte sur les lignes longues sera \u00e0 15H30 et sur les lignes courtes \u00e0 16H<\/p>\n<p>-La Ligne 1 de Ben Arous: derni\u00e8re desserte de Tunis sera \u00e0 16H29 et des cit\u00e9s \u00e0 17H03<\/p>\n<p>-La Ligne 2 de l\u2019Ariana: derni\u00e8re desserte de Tunis sera \u00e0 16H48 et des cit\u00e9s \u00e0 16H32<\/p>\n<p>-La Ligne 3 d\u2019Ibn Khouldoun: derni\u00e8re desserte de Tunis sera \u00e0 16H10 et des cit\u00e9s \u00e0 16H49<\/p>\n<p>-La Ligne 4 de la Manouba: derni\u00e8re desserte de Tunis sera \u00e0 15H56 et des cit\u00e9s \u00e0 16H48<\/p>\n<p>-La Ligne 5 d\u2019El Intilaka: derni\u00e8re desserte de Tunis sera \u00e0 16H01 et des cit\u00e9s \u00e0 16H39<\/p>\n<p>-La Ligne 6 d\u2019El Morouj: derni\u00e8re desserte de Tunis sera \u00e0 16H08 et des cit\u00e9s \u00e0 16H52<\/p>\n<p>-La Ligne TGM: derni\u00e8re desserte de Tunis sera \u00e0 15H45 et des cit\u00e9s \u00e0 16H<\/p>\n<p>A noter que les premi\u00e8res dessertes, \u00e0 partir de ces m\u00eames lignes, s\u2019effectueront \u00e0 partir de 06h.<\/p>\n<div class=\"wp-post-author-wrap wp-post-author-shortcode left\">\n<h3 class=\"awpa-title\"\/>\n<div class=\"wp-post-author\">\n<div class=\"awpa-img awpa-author-block square\"><a href=\"http:\/\/lexpertjournal.net\/fr\/?author=5\"><img loading=\"lazy\" decoding=\"async\" alt=\"\" src=\"http:\/\/0.gravatar.com\/avatar\/97f8e10a1c1125ba104a76514ee07b16?s=150&amp;d=mm&amp;r=g\" srcset=\"http:\/\/0.gravatar.com\/avatar\/97f8e10a1c1125ba104a76514ee07b16?s=300&amp;d=mm&amp;r=g 2x\" class=\"avatar avatar-150 photo\" height=\"150\" width=\"150\"\/><\/a><\/div>\n<\/div>\n<\/div>\n<aside class=\"mashsb-container mashsb-main mashsb-stretched\">\n<\/aside>\n<p>Auteur: L&rsquo;expert<br \/>\n<a href=\"http:\/\/lexpertjournal.net\/fr\/?p=13089\">Cliquez ici pour lire l&rsquo;article depuis sa source.<\/a><\/p>\n","protected":false},"excerpt":{"rendered":"<p>La Soci\u00e9t\u00e9 des Transports de Tunis (TRANSTU) a annonc\u00e9 l\u2019adoption, \u00e0 partir du mercredi 18 mars 2020, d\u2019une nouvelle programmation au niveau de ses dessertes, dans le Grand Tunis, suite \u00e0 la d\u00e9cision du couvre-feu, de 18h \u00e0 06h du matin. La soci\u00e9t\u00e9 a ajout\u00e9 dans un communiqu\u00e9 publi\u00e9 que le changement sera comme suit: [&hellip;]<\/p>\n","protected":false},"author":1775,"featured_media":0,"comment_status":"closed","ping_status":"closed","sticky":false,"template":"","format":"standard","meta":{"fifu_image_url":"","fifu_image_alt":"","footnotes":""},"categories":[78,55],"tags":[],"class_list":["post-79497","post","type-post","status-publish","format-standard","hentry","category-economie","category-tunisie"],"_links":{"self":[{"href":"https:\/\/linitiative.ca\/International\/wp-json\/wp\/v2\/posts\/79497","targetHints":{"allow":["GET"]}}],"collection":[{"href":"https:\/\/linitiative.ca\/International\/wp-json\/wp\/v2\/posts"}],"about":[{"href":"https:\/\/linitiative.ca\/International\/wp-json\/wp\/v2\/types\/post"}],"author":[{"embeddable":true,"href":"https:\/\/linitiative.ca\/International\/wp-json\/wp\/v2\/users\/1775"}],"replies":[{"embeddable":true,"href":"https:\/\/linitiative.ca\/International\/wp-json\/wp\/v2\/comments?post=79497"}],"version-history":[{"count":0,"href":"https:\/\/linitiative.ca\/International\/wp-json\/wp\/v2\/posts\/79497\/revisions"}],"wp:attachment":[{"href":"https:\/\/linitiative.ca\/International\/wp-json\/wp\/v2\/media?parent=79497"}],"wp:term":[{"taxonomy":"category","embeddable":true,"href":"https:\/\/linitiative.ca\/International\/wp-json\/wp\/v2\/categories?post=79497"},{"taxonomy":"post_tag","embeddable":true,"href":"https:\/\/linitiative.ca\/International\/wp-json\/wp\/v2\/tags?post=79497"}],"curies":[{"name":"wp","href":"https:\/\/api.w.org\/{rel}","templated":true}]}}