{"id":79498,"date":"2020-03-19T07:23:11","date_gmt":"2020-03-19T11:23:11","guid":{"rendered":"https:\/\/linitiative.ca\/International\/crise-dans-le-tourisme-fakhfakh-assure-les-professionnels-de-son-soutien\/"},"modified":"2020-03-19T07:23:11","modified_gmt":"2020-03-19T11:23:11","slug":"crise-dans-le-tourisme-fakhfakh-assure-les-professionnels-de-son-soutien","status":"publish","type":"post","link":"https:\/\/linitiative.ca\/International\/crise-dans-le-tourisme-fakhfakh-assure-les-professionnels-de-son-soutien\/","title":{"rendered":"Crise dans le tourisme : Fakhfakh assure les professionnels de son soutien"},"content":{"rendered":"<p>Le chef du gouvernement, Ely\u00e8s Fakhfakh, a pr\u00e9sid\u00e9, mercredi, au si\u00e8ge du minist\u00e8re du Tourisme et de l\u2019Artisanat, une s\u00e9ance de travail consacr\u00e9e \u00e0 l\u2019\u00e9coute des pr\u00e9occupations des professionnels du secteur touristique face \u00e0 la propagation du coronavirus et aux d\u00e9cisions prises par la majorit\u00e9 des pays de fermer leur espace a\u00e9rien.<\/p>\n<p>Lors de cette s\u00e9ance, \u00e0 laquelle ont aussi assist\u00e9 le ministre du Tourisme et de l\u2019Artisanat Mohamed Ali Toumi, et les pr\u00e9sidents des f\u00e9d\u00e9rations professionnelles du secteur touristique (FTH, FTAV\u2026), le chef du gouvernement a affirm\u00e9 sa d\u00e9termination \u00e0 soutenir les diff\u00e9rentes entreprises \u00e9conomiques, dont celles touristiques, face \u00e0 la crise internationale actuelle et ses impacts attendus sur l\u2019activit\u00e9 touristique.<\/p>\n<p>Fakhfakh a, par ailleurs, soulign\u00e9 l\u2019importance de la contribution du secteur du tourisme \u00e0 l\u2019\u00e9conomie du pays, gr\u00e2ce notamment \u00e0 sa forte capacit\u00e9 d\u2019emploi et \u00e0 la dynamique commerciale \u00e0 travers le secteur de l\u2019artisanat.<\/p>\n<p>Il a, \u00e0 cette occasion, salu\u00e9 l\u2019esprit de responsabilit\u00e9 des professionnels du secteur, leur attachement \u00e0 l\u2019union nationale et leur soutien aux efforts de lutte contre le coronavirus, faisant remarquer que la Tunisie a opt\u00e9 pour une approche pr\u00e9ventive pour limiter sa propagation.<\/p>\n<p>Il a assur\u00e9 que toutes les mesures n\u00e9cessaires \u00e0 l\u2019accompagnement des entreprises \u00e9conomiques face \u00e0 cette crise conjoncturelle seront prises.<\/p>\n<div class=\"wp-post-author-wrap wp-post-author-shortcode left\">\n<h3 class=\"awpa-title\"\/>\n<div class=\"wp-post-author\">\n<div class=\"awpa-img awpa-author-block square\"><a href=\"http:\/\/lexpertjournal.net\/fr\/?author=5\"><img loading=\"lazy\" decoding=\"async\" alt=\"\" src=\"http:\/\/0.gravatar.com\/avatar\/97f8e10a1c1125ba104a76514ee07b16?s=150&amp;d=mm&amp;r=g\" srcset=\"http:\/\/0.gravatar.com\/avatar\/97f8e10a1c1125ba104a76514ee07b16?s=300&amp;d=mm&amp;r=g 2x\" class=\"avatar avatar-150 photo\" height=\"150\" width=\"150\"\/><\/a><\/div>\n<\/div>\n<\/div>\n<aside class=\"mashsb-container mashsb-main mashsb-stretched\">\n<\/aside>\n<p>Auteur: L&rsquo;expert<br \/>\n<a href=\"http:\/\/lexpertjournal.net\/fr\/?p=13092\">Cliquez ici pour lire l&rsquo;article depuis sa source.<\/a><\/p>\n","protected":false},"excerpt":{"rendered":"<p>Le chef du gouvernement, Ely\u00e8s Fakhfakh, a pr\u00e9sid\u00e9, mercredi, au si\u00e8ge du minist\u00e8re du Tourisme et de l\u2019Artisanat, une s\u00e9ance de travail consacr\u00e9e \u00e0 l\u2019\u00e9coute des pr\u00e9occupations des professionnels du secteur touristique face \u00e0 la propagation du coronavirus et aux d\u00e9cisions prises par la majorit\u00e9 des pays de fermer leur espace a\u00e9rien. Lors de cette [&hellip;]<\/p>\n","protected":false},"author":1775,"featured_media":0,"comment_status":"closed","ping_status":"closed","sticky":false,"template":"","format":"standard","meta":{"fifu_image_url":"","fifu_image_alt":"","footnotes":""},"categories":[78,55],"tags":[],"class_list":["post-79498","post","type-post","status-publish","format-standard","hentry","category-economie","category-tunisie"],"_links":{"self":[{"href":"https:\/\/linitiative.ca\/International\/wp-json\/wp\/v2\/posts\/79498","targetHints":{"allow":["GET"]}}],"collection":[{"href":"https:\/\/linitiative.ca\/International\/wp-json\/wp\/v2\/posts"}],"about":[{"href":"https:\/\/linitiative.ca\/International\/wp-json\/wp\/v2\/types\/post"}],"author":[{"embeddable":true,"href":"https:\/\/linitiative.ca\/International\/wp-json\/wp\/v2\/users\/1775"}],"replies":[{"embeddable":true,"href":"https:\/\/linitiative.ca\/International\/wp-json\/wp\/v2\/comments?post=79498"}],"version-history":[{"count":0,"href":"https:\/\/linitiative.ca\/International\/wp-json\/wp\/v2\/posts\/79498\/revisions"}],"wp:attachment":[{"href":"https:\/\/linitiative.ca\/International\/wp-json\/wp\/v2\/media?parent=79498"}],"wp:term":[{"taxonomy":"category","embeddable":true,"href":"https:\/\/linitiative.ca\/International\/wp-json\/wp\/v2\/categories?post=79498"},{"taxonomy":"post_tag","embeddable":true,"href":"https:\/\/linitiative.ca\/International\/wp-json\/wp\/v2\/tags?post=79498"}],"curies":[{"name":"wp","href":"https:\/\/api.w.org\/{rel}","templated":true}]}}