{"id":79499,"date":"2020-03-19T07:24:32","date_gmt":"2020-03-19T11:24:32","guid":{"rendered":"https:\/\/linitiative.ca\/International\/echanges-commerciaux-legere-baisse-des-exportations-et-repli-plus-marque-des-importations\/"},"modified":"2020-03-19T07:24:32","modified_gmt":"2020-03-19T11:24:32","slug":"echanges-commerciaux-legere-baisse-des-exportations-et-repli-plus-marque-des-importations","status":"publish","type":"post","link":"https:\/\/linitiative.ca\/International\/echanges-commerciaux-legere-baisse-des-exportations-et-repli-plus-marque-des-importations\/","title":{"rendered":"Echanges commerciaux : L\u00e9g\u00e8re baisse des exportations et repli plus marqu\u00e9 des importations"},"content":{"rendered":"<p>Les \u00e9changes commerciaux de la Tunisie avec l\u2019ext\u00e9rieur ont enregistr\u00e9 en volume (prix constant) une l\u00e9g\u00e8re baisse \u00e0 l\u2019export de l\u2019ordre de 0,1% et une diminution \u00e0 l\u2019import de l\u2019ordre de 7,6%, au cours deux premiers mois de l\u2019ann\u00e9e 2020, par rapport \u00e0 la m\u00eame p\u00e9riode de l\u2019ann\u00e9e 2019, selon les statistiques que vient de publier l\u2019INS.<\/p>\n<p>Au niveau des prix, ils ont baiss\u00e9 de 1,3%, pour les exportations et augment\u00e9 de 5,5%, pour les importations.<\/p>\n<p>Au cours des deux premiers mois de l\u2019ann\u00e9e 2020, les \u00e9changes commerciaux de la Tunisie avec l\u2019ext\u00e9rieur en valeurs courantes ont atteint 7606,8 MD en exportations et 9925,8 MD en importations, enregistrant ainsi une baisse de l\u2019ordre de 1,5% \u00e0 l\u2019export et de 2,5% \u00e0 l\u2019import, et ce par rapport \u00e0 la m\u00eame p\u00e9riode de l\u2019ann\u00e9e 2019.<\/p>\n<p><strong>Evolution du commerce ext\u00e9rieur hors \u00e9nergie<\/strong><\/p>\n<p>Hors \u00e9nergie, les prix ont baiss\u00e9 \u00e0 l\u2019export de 1,9% et ils ont augment\u00e9 \u00e0 l\u2019import de 3,9% et ce par rapport au deux premiers mois de l\u2019ann\u00e9e 2019. En effet, durant cette p\u00e9riode de l\u2019ann\u00e9e courante, les prix de l\u2019\u00e9nergie ont enregistr\u00e9 des hausses de l\u2019ordre de 9,8% \u00e0 l\u2019export et de 15,0% \u00e0 l\u2019import.<\/p>\n<p>Les exportations en volume ont augment\u00e9 de 26,6% pour le secteur de l\u2019agriculture et des industries agroalimentaire et de 4,5% pour le secteur des mines, phosphates et d\u00e9riv\u00e9s.<\/p>\n<p>Par ailleurs, les exportations du secteur textile, habillement et cuir ont baiss\u00e9 en volume de l\u2019ordre 2,4%, de l\u2019\u00e9nergie et lubrifiants de l\u2019ordre 32,7% et des autres industries manufacturi\u00e8res de l\u2019ordre 5,1%, et ce par rapport \u00e0 la m\u00eame p\u00e9riode de l\u2019ann\u00e9e 2019.<\/p>\n<p>Concernant les importations, l\u2019\u00e9volution en volume est marqu\u00e9e par une baisse au niveau des industries m\u00e9caniques et \u00e9lectriques de 15,3%, ainsi que du secteur du textile, habillement et cuir avec un taux de 7,9%.<\/p>\n<p>En revanche, les importations du secteur des mines phosphates et d\u00e9riv\u00e9s a enregistr\u00e9 une hausse de l\u2019ordre de 4,5%, de l\u2019agriculture et industrie agroalimentaire de l\u2019ordre de 5,7% et de l\u2019\u00e9nergie et lubrifiants, de 4,6%.<\/p>\n<div class=\"wp-post-author-wrap wp-post-author-shortcode left\">\n<h3 class=\"awpa-title\"\/>\n<div class=\"wp-post-author\">\n<div class=\"awpa-img awpa-author-block square\"><a href=\"http:\/\/lexpertjournal.net\/fr\/?author=5\"><img loading=\"lazy\" decoding=\"async\" alt=\"\" src=\"http:\/\/0.gravatar.com\/avatar\/97f8e10a1c1125ba104a76514ee07b16?s=150&amp;d=mm&amp;r=g\" srcset=\"http:\/\/0.gravatar.com\/avatar\/97f8e10a1c1125ba104a76514ee07b16?s=300&amp;d=mm&amp;r=g 2x\" class=\"avatar avatar-150 photo\" height=\"150\" width=\"150\"\/><\/a><\/div>\n<\/div>\n<\/div>\n<aside class=\"mashsb-container mashsb-main mashsb-stretched\">\n<\/aside>\n<p>Auteur: L&rsquo;expert<br \/>\n<a href=\"http:\/\/lexpertjournal.net\/fr\/?p=13095\">Cliquez ici pour lire l&rsquo;article depuis sa source.<\/a><\/p>\n","protected":false},"excerpt":{"rendered":"<p>Les \u00e9changes commerciaux de la Tunisie avec l\u2019ext\u00e9rieur ont enregistr\u00e9 en volume (prix constant) une l\u00e9g\u00e8re baisse \u00e0 l\u2019export de l\u2019ordre de 0,1% et une diminution \u00e0 l\u2019import de l\u2019ordre de 7,6%, au cours deux premiers mois de l\u2019ann\u00e9e 2020, par rapport \u00e0 la m\u00eame p\u00e9riode de l\u2019ann\u00e9e 2019, selon les statistiques que vient de [&hellip;]<\/p>\n","protected":false},"author":1775,"featured_media":0,"comment_status":"closed","ping_status":"closed","sticky":false,"template":"","format":"standard","meta":{"fifu_image_url":"","fifu_image_alt":"","footnotes":""},"categories":[78,55],"tags":[],"class_list":["post-79499","post","type-post","status-publish","format-standard","hentry","category-economie","category-tunisie"],"_links":{"self":[{"href":"https:\/\/linitiative.ca\/International\/wp-json\/wp\/v2\/posts\/79499","targetHints":{"allow":["GET"]}}],"collection":[{"href":"https:\/\/linitiative.ca\/International\/wp-json\/wp\/v2\/posts"}],"about":[{"href":"https:\/\/linitiative.ca\/International\/wp-json\/wp\/v2\/types\/post"}],"author":[{"embeddable":true,"href":"https:\/\/linitiative.ca\/International\/wp-json\/wp\/v2\/users\/1775"}],"replies":[{"embeddable":true,"href":"https:\/\/linitiative.ca\/International\/wp-json\/wp\/v2\/comments?post=79499"}],"version-history":[{"count":0,"href":"https:\/\/linitiative.ca\/International\/wp-json\/wp\/v2\/posts\/79499\/revisions"}],"wp:attachment":[{"href":"https:\/\/linitiative.ca\/International\/wp-json\/wp\/v2\/media?parent=79499"}],"wp:term":[{"taxonomy":"category","embeddable":true,"href":"https:\/\/linitiative.ca\/International\/wp-json\/wp\/v2\/categories?post=79499"},{"taxonomy":"post_tag","embeddable":true,"href":"https:\/\/linitiative.ca\/International\/wp-json\/wp\/v2\/tags?post=79499"}],"curies":[{"name":"wp","href":"https:\/\/api.w.org\/{rel}","templated":true}]}}