{"id":79501,"date":"2020-03-19T10:40:00","date_gmt":"2020-03-19T14:40:00","guid":{"rendered":"https:\/\/linitiative.ca\/International\/covid-19-un-neuvieme-deces-enregistre-en-algerie\/"},"modified":"2020-03-19T10:40:00","modified_gmt":"2020-03-19T14:40:00","slug":"covid-19-un-neuvieme-deces-enregistre-en-algerie","status":"publish","type":"post","link":"https:\/\/linitiative.ca\/International\/covid-19-un-neuvieme-deces-enregistre-en-algerie\/","title":{"rendered":"Covid-19 : un neuvi\u00e8me d\u00e9c\u00e8s enregistr\u00e9 en Alg\u00e9rie"},"content":{"rendered":"<div id=\"originalText\" readability=\"42\">\n<p>Un neuvi\u00e8me d\u00e9c\u00e8s d\u00fb \u00e0 la contamination au Covid-19, a \u00e9t\u00e9 enregistr\u00e9 dans l&rsquo;apr\u00e8s-midi de ce jeudi, \u00e0 M\u00e9d\u00e9a, a annonc\u00e9 le minist\u00e8re de la sant\u00e9 et de la r\u00e9forme hospitali\u00e8re.\u00a0<\/p>\n<p>A rappeler que dix nouveaux cas et deux\u00a0d\u00e9c\u00e8s ont \u00e9t\u00e9 enregistr\u00e9s, ce matin,\u00a0selon toujours la m\u00eame source, qui pr\u00e9cise que 32 cas sont r\u00e9tablis et que 44 autres demeurent hospitalis\u00e9s.\u00a0<\/p>\n<p class=\"c6\"><strong>R\u00e9daction Web\u00a0<\/strong><\/p>\n<\/div>\n<div id=\"text_core\" readability=\"42\">\n<p>Un neuvi\u00e8me d\u00e9c\u00e8s d\u00fb \u00e0 la contamination au Covid-19, a \u00e9t\u00e9 enregistr\u00e9 dans l&rsquo;apr\u00e8s-midi de ce jeudi, \u00e0 M\u00e9d\u00e9a, a annonc\u00e9 le minist\u00e8re de la sant\u00e9 et de la r\u00e9forme hospitali\u00e8re.\u00a0<\/p>\n<p>A rappeler que dix nouveaux cas et deux\u00a0d\u00e9c\u00e8s ont \u00e9t\u00e9 enregistr\u00e9s, ce matin,\u00a0selon toujours la m\u00eame source, qui pr\u00e9cise que 32 cas sont r\u00e9tablis et que 44 autres demeurent hospitalis\u00e9s.\u00a0<\/p>\n<p class=\"c6\"><strong>R\u00e9daction Web\u00a0<\/strong><\/p>\n<\/div>\n<p>Auteur:<br \/>\n<a href=\"https:\/\/www.liberte-algerie.com\/actualite\/covid-19-un-neuvieme-deces-enregistre-en-algerie-336223\">Cliquez ici pour lire l&rsquo;article depuis sa source.<\/a><\/p>\n","protected":false},"excerpt":{"rendered":"<p>Un neuvi\u00e8me d\u00e9c\u00e8s d\u00fb \u00e0 la contamination au Covid-19, a \u00e9t\u00e9 enregistr\u00e9 dans l&rsquo;apr\u00e8s-midi de ce jeudi, \u00e0 M\u00e9d\u00e9a, a annonc\u00e9 le minist\u00e8re de la sant\u00e9 et de la r\u00e9forme hospitali\u00e8re.\u00a0 A rappeler que dix nouveaux cas et deux\u00a0d\u00e9c\u00e8s ont \u00e9t\u00e9 enregistr\u00e9s, ce matin,\u00a0selon toujours la m\u00eame source, qui pr\u00e9cise que 32 cas sont r\u00e9tablis [&hellip;]<\/p>\n","protected":false},"author":1742,"featured_media":0,"comment_status":"closed","ping_status":"closed","sticky":false,"template":"","format":"standard","meta":{"fifu_image_url":"","fifu_image_alt":"","footnotes":""},"categories":[73,53],"tags":[],"class_list":["post-79501","post","type-post","status-publish","format-standard","hentry","category-actualite","category-algerie"],"_links":{"self":[{"href":"https:\/\/linitiative.ca\/International\/wp-json\/wp\/v2\/posts\/79501","targetHints":{"allow":["GET"]}}],"collection":[{"href":"https:\/\/linitiative.ca\/International\/wp-json\/wp\/v2\/posts"}],"about":[{"href":"https:\/\/linitiative.ca\/International\/wp-json\/wp\/v2\/types\/post"}],"author":[{"embeddable":true,"href":"https:\/\/linitiative.ca\/International\/wp-json\/wp\/v2\/users\/1742"}],"replies":[{"embeddable":true,"href":"https:\/\/linitiative.ca\/International\/wp-json\/wp\/v2\/comments?post=79501"}],"version-history":[{"count":0,"href":"https:\/\/linitiative.ca\/International\/wp-json\/wp\/v2\/posts\/79501\/revisions"}],"wp:attachment":[{"href":"https:\/\/linitiative.ca\/International\/wp-json\/wp\/v2\/media?parent=79501"}],"wp:term":[{"taxonomy":"category","embeddable":true,"href":"https:\/\/linitiative.ca\/International\/wp-json\/wp\/v2\/categories?post=79501"},{"taxonomy":"post_tag","embeddable":true,"href":"https:\/\/linitiative.ca\/International\/wp-json\/wp\/v2\/tags?post=79501"}],"curies":[{"name":"wp","href":"https:\/\/api.w.org\/{rel}","templated":true}]}}