{"id":79509,"date":"2020-03-19T13:12:46","date_gmt":"2020-03-19T17:12:46","guid":{"rendered":"https:\/\/linitiative.ca\/International\/marrakech-safi-laref-assure-le-suivi-des-cours-a-distance\/"},"modified":"2020-03-19T13:12:46","modified_gmt":"2020-03-19T17:12:46","slug":"marrakech-safi-laref-assure-le-suivi-des-cours-a-distance","status":"publish","type":"post","link":"https:\/\/linitiative.ca\/International\/marrakech-safi-laref-assure-le-suivi-des-cours-a-distance\/","title":{"rendered":"Marrakech-Safi: L\u2019AREF assure le suivi des cours \u00e0 distance"},"content":{"rendered":"<div readability=\"36\">\n<p>Marrakech \u2013 L\u2019Acad\u00e9mie R\u00e9gionale d\u2019Education et de Formation (AREF) de Marrakech-Safi accompagne la production des contenus num\u00e9riques et assure le suivi des cours \u00e0 distance, conform\u00e9ment aux mesures adopt\u00e9es par le minist\u00e8re de tutelle afin de lutter contre la propagation du virus coronavirus (Covid-19).<\/p>\n<\/div>\n<div readability=\"87\">\n<p>A cette occasion, le directeur de l\u2019AREF, Moulay Ahmed Karimi, a pris connaissance des diff\u00e9rentes op\u00e9rations relatives \u00e0 la gestion des cours \u00e0 distance, ainsi que des conditions de production des contenus num\u00e9riques.<\/p>\n<p>Cette op\u00e9ration qui conna\u00eet une forte adh\u00e9sion du corps d\u2019encadrement et de contr\u00f4le, des cadres p\u00e9dagogiques et des enseignants, est marqu\u00e9e par une implication continue de la cellule r\u00e9gionale de suivi de la production des contenus num\u00e9riques et des cours \u00e0 distance.<\/p>\n<p>Fortement mobilis\u00e9s, les cadres p\u00e9dagogiques \u0153uvrent dans le cadre de cette op\u00e9ration\u00a0\u00e0 produire des contenus num\u00e9riques et \u00e0 les envoyer \u00e0 l\u2019administration centrale, afin d\u2019alimenter le portail d\u00e9di\u00e9 \u00e0 l\u2019enseignement \u00e0 distance avec de nouveaux cours, selon la programmation fix\u00e9e.<\/p>\n<p>Ainsi, l\u2019ensemble des corps p\u00e9dagogique et \u00e9ducatif, dont les inspecteurs p\u00e9dagogiques, les directeurs des \u00e9tablissements scolaires et les enseignants,\u00a0ont fait preuve d\u2019un engagement exemplaire\u00a0pour garantir la r\u00e9ussite de cette op\u00e9ration.<\/p>\n<p>En plus, des plateformes et supports num\u00e9riques adopt\u00e9s en coordination avec l\u2019administration centrale, l\u2019AREF de Marrakech-Safi a cr\u00e9\u00e9 une cha\u00eene Youtube qui pr\u00e9sente aux apprenants une vari\u00e9t\u00e9 des cours \u00e0 distance.<\/p>\n<p>L\u2019approche r\u00e9gionale de l\u2019Acad\u00e9mie dans la production des contenus num\u00e9riques est bas\u00e9e sur la concertation permanente avec le corps d\u2019encadrement et de contr\u00f4le dans le cadre d\u2019une r\u00e9flexion collective avec les inspecteurs r\u00e9gionaux, ainsi que sur les infrastructures\u00a0 de qualit\u00e9 disponibles.<\/p>\n<p>Elle est ax\u00e9e aussi sur la sp\u00e9cialisation institutionnelle et la comp\u00e9tence des cadres \u00e9ducatifs et administratifs (Lyc\u00e9e technique Hassan II \u00e0 Marrakech et ses similaires \u00e0 Kela\u00e2t des Sraghna, Chichaoua, Essaouira et Safi), ainsi que sur la contribution efficace et efficiente des enseignants (Compractice Marrakech, Al Haouz et Youssoufia), outre les initiatives innovantes de l\u2019AREF de Marrakech-Safi.<\/p>\n<p>Cette op\u00e9ration s\u2019inscrit dans le cadre de la mise en \u0153uvre des orientations minist\u00e9rielles visant \u00e0 garantir la continuit\u00e9 de l\u2019enseignement \u00e0 distance pour tous les \u00e9l\u00e8ves et intervient en application des recommandations \u00e9labor\u00e9es \u00e0 l\u2019issue de la rencontre ayant r\u00e9uni le directeur de l\u2019AREF Marrakech-Safi et les directeurs provinciaux au niveau de la r\u00e9gion.<\/p>\n<\/div>\n<p>Auteur: Meriem IGASS<br \/>\n<a href=\"http:\/\/www.mapmarrakech.ma\/fr\/laref-accompagne-la-production-du-contenu-numerique\/\">Cliquez ici pour lire l&rsquo;article depuis sa source.<\/a><\/p>\n","protected":false},"excerpt":{"rendered":"<p>Marrakech \u2013 L\u2019Acad\u00e9mie R\u00e9gionale d\u2019Education et de Formation (AREF) de Marrakech-Safi accompagne la production des contenus num\u00e9riques et assure le suivi des cours \u00e0 distance, conform\u00e9ment aux mesures adopt\u00e9es par le minist\u00e8re de tutelle afin de lutter contre la propagation du virus coronavirus (Covid-19). A cette occasion, le directeur de l\u2019AREF, Moulay Ahmed Karimi, a [&hellip;]<\/p>\n","protected":false},"author":1788,"featured_media":0,"comment_status":"closed","ping_status":"closed","sticky":false,"template":"","format":"standard","meta":{"fifu_image_url":"","fifu_image_alt":"","footnotes":""},"categories":[54,76],"tags":[],"class_list":["post-79509","post","type-post","status-publish","format-standard","hentry","category-maroc","category-regions"],"_links":{"self":[{"href":"https:\/\/linitiative.ca\/International\/wp-json\/wp\/v2\/posts\/79509","targetHints":{"allow":["GET"]}}],"collection":[{"href":"https:\/\/linitiative.ca\/International\/wp-json\/wp\/v2\/posts"}],"about":[{"href":"https:\/\/linitiative.ca\/International\/wp-json\/wp\/v2\/types\/post"}],"author":[{"embeddable":true,"href":"https:\/\/linitiative.ca\/International\/wp-json\/wp\/v2\/users\/1788"}],"replies":[{"embeddable":true,"href":"https:\/\/linitiative.ca\/International\/wp-json\/wp\/v2\/comments?post=79509"}],"version-history":[{"count":0,"href":"https:\/\/linitiative.ca\/International\/wp-json\/wp\/v2\/posts\/79509\/revisions"}],"wp:attachment":[{"href":"https:\/\/linitiative.ca\/International\/wp-json\/wp\/v2\/media?parent=79509"}],"wp:term":[{"taxonomy":"category","embeddable":true,"href":"https:\/\/linitiative.ca\/International\/wp-json\/wp\/v2\/categories?post=79509"},{"taxonomy":"post_tag","embeddable":true,"href":"https:\/\/linitiative.ca\/International\/wp-json\/wp\/v2\/tags?post=79509"}],"curies":[{"name":"wp","href":"https:\/\/api.w.org\/{rel}","templated":true}]}}