{"id":79510,"date":"2020-03-19T13:42:25","date_gmt":"2020-03-19T17:42:25","guid":{"rendered":"https:\/\/linitiative.ca\/International\/distribution-de-materiels-et-de-produits-de-sterilisation\/"},"modified":"2020-03-19T13:42:25","modified_gmt":"2020-03-19T17:42:25","slug":"distribution-de-materiels-et-de-produits-de-sterilisation","status":"publish","type":"post","link":"https:\/\/linitiative.ca\/International\/distribution-de-materiels-et-de-produits-de-sterilisation\/","title":{"rendered":"Distribution de mat\u00e9riels et de produits de st\u00e9rilisation"},"content":{"rendered":"<div class=\"single-featured\"><img alt=\"\" data-src=\"http:\/\/www.mapmarrakech.ma\/map\/uploads\/2020\/03\/distributionproduitsst&#xE9;rilisationRAK-copier.jpg\"\/><\/div>\n<div class=\"single-post-excerpt post-excerpt-bc\" readability=\"38\">\n<p>Marrakech \u2013 Des produits de st\u00e9rilisation et des mat\u00e9riels de protection n\u00e9cessaires dans les h\u00f4pitaux et les centres de sant\u00e9 relevant de la pr\u00e9fecture et des provinces de la R\u00e9gion Marrakech-Safi ont \u00e9t\u00e9 distribu\u00e9s, jeudi, au si\u00e8ge du conseil de la r\u00e9gion et ce, dans le cadre de la contribution aux efforts de lutte contre le nouveau coronavirus (Covid-19).<\/p>\n<\/div>\n<div class=\"entry-content clearfix single-post-content\" readability=\"55\">\n<p>Dans ce sens, l\u2019instance \u00e9lue a allou\u00e9 une enveloppe d\u2019un million de DH \u00e0 cette op\u00e9ration qui a concern\u00e9 les produits de st\u00e9rilisation et de d\u00e9sinfection ainsi que les appareils de mesure \u00e0 infrarouge.<\/p>\n<p>Ces produits et mat\u00e9riels ont \u00e9t\u00e9 mis \u00e0 la disposition de la Direction r\u00e9gionale de la sant\u00e9 afin d\u2019assurer la couverture de toutes les provinces de la r\u00e9gion dans cette conjoncture exceptionnelle.<\/p>\n<p>Cette action s\u2019inscrit dans le cadre des mesures pr\u00e9ventives et proactives prises par les autorit\u00e9s comp\u00e9tentes au niveau la r\u00e9gion de Marrakech-Safi pour la lutte contre le nouveau coronavirus et la garantie d\u2019un niveau \u00e9lev\u00e9 de protection contre cette pand\u00e9mie, et intervient en interaction avec les directives et consignes du minist\u00e8re de la Sant\u00e9 pour pr\u00e9venir et endiguer la propagation du Covid-19.<\/p>\n<p>L\u2019op\u00e9ration s\u2019est d\u00e9roul\u00e9e en pr\u00e9sence du wali de la r\u00e9gion de Marrakech-Safi, gouverneur de la pr\u00e9fecture de Marrakech, Karim Kassi-Lahlou, du pr\u00e9sident du conseil de la r\u00e9gion, Ahmed Akhchichine, et de la directrice r\u00e9gionale de la sant\u00e9, Lamia Chakiri.<\/p>\n<\/div>\n<p>Auteur: Meriem IGASS<br \/>\n<a href=\"http:\/\/www.mapmarrakech.ma\/fr\/distribution-de-materiels-et-de-produits-de-sterilisation\/\">Cliquez ici pour lire l&rsquo;article depuis sa source.<\/a><\/p>\n","protected":false},"excerpt":{"rendered":"<p>Marrakech \u2013 Des produits de st\u00e9rilisation et des mat\u00e9riels de protection n\u00e9cessaires dans les h\u00f4pitaux et les centres de sant\u00e9 relevant de la pr\u00e9fecture et des provinces de la R\u00e9gion Marrakech-Safi ont \u00e9t\u00e9 distribu\u00e9s, jeudi, au si\u00e8ge du conseil de la r\u00e9gion et ce, dans le cadre de la contribution aux efforts de lutte contre [&hellip;]<\/p>\n","protected":false},"author":1788,"featured_media":79511,"comment_status":"closed","ping_status":"closed","sticky":false,"template":"","format":"standard","meta":{"fifu_image_url":"","fifu_image_alt":"","footnotes":""},"categories":[54,76],"tags":[],"class_list":["post-79510","post","type-post","status-publish","format-standard","has-post-thumbnail","hentry","category-maroc","category-regions"],"_links":{"self":[{"href":"https:\/\/linitiative.ca\/International\/wp-json\/wp\/v2\/posts\/79510","targetHints":{"allow":["GET"]}}],"collection":[{"href":"https:\/\/linitiative.ca\/International\/wp-json\/wp\/v2\/posts"}],"about":[{"href":"https:\/\/linitiative.ca\/International\/wp-json\/wp\/v2\/types\/post"}],"author":[{"embeddable":true,"href":"https:\/\/linitiative.ca\/International\/wp-json\/wp\/v2\/users\/1788"}],"replies":[{"embeddable":true,"href":"https:\/\/linitiative.ca\/International\/wp-json\/wp\/v2\/comments?post=79510"}],"version-history":[{"count":0,"href":"https:\/\/linitiative.ca\/International\/wp-json\/wp\/v2\/posts\/79510\/revisions"}],"wp:featuredmedia":[{"embeddable":true,"href":"https:\/\/linitiative.ca\/International\/wp-json\/"}],"wp:attachment":[{"href":"https:\/\/linitiative.ca\/International\/wp-json\/wp\/v2\/media?parent=79510"}],"wp:term":[{"taxonomy":"category","embeddable":true,"href":"https:\/\/linitiative.ca\/International\/wp-json\/wp\/v2\/categories?post=79510"},{"taxonomy":"post_tag","embeddable":true,"href":"https:\/\/linitiative.ca\/International\/wp-json\/wp\/v2\/tags?post=79510"}],"curies":[{"name":"wp","href":"https:\/\/api.w.org\/{rel}","templated":true}]}}