{"id":79512,"date":"2020-03-19T13:58:07","date_gmt":"2020-03-19T17:58:07","guid":{"rendered":"https:\/\/linitiative.ca\/International\/covid-19-reunion-sur-le-suivi-des-mesures-preventives\/"},"modified":"2020-03-19T13:58:07","modified_gmt":"2020-03-19T17:58:07","slug":"covid-19-reunion-sur-le-suivi-des-mesures-preventives","status":"publish","type":"post","link":"https:\/\/linitiative.ca\/International\/covid-19-reunion-sur-le-suivi-des-mesures-preventives\/","title":{"rendered":"Covid-19: R\u00e9union sur le suivi des mesures pr\u00e9ventives"},"content":{"rendered":"<div class=\"single-featured\"><img alt=\"\" data-src=\"http:\/\/www.mapmarrakech.ma\/map\/uploads\/2020\/03\/r&#xE9;union-youssoufia-copier.jpg\"\/><\/div>\n<div class=\"single-post-excerpt post-excerpt-bc\" readability=\"36\">\n<p>Youssoufia \u2013 Une r\u00e9union sur la mise en application des mesures pr\u00e9ventives prises par les pouvoirs publics pour la lutte contre la propagation du nouveau coronavirus (Covid-19) a \u00e9t\u00e9 tenue, mercredi, au si\u00e8ge de la pr\u00e9fecture de la province de Youssoufia.<\/p>\n<\/div>\n<div class=\"entry-content clearfix single-post-content\" readability=\"65\">\n<p>Pr\u00e9sid\u00e9e par le gouverneur de la province, Mohamed Salem Essabti, cette r\u00e9union, qui s\u2019est d\u00e9roul\u00e9e en pr\u00e9sence des agents d\u2019autorit\u00e9, des chefs des services s\u00e9curitaires et ext\u00e9rieurs, a \u00e9t\u00e9 consacr\u00e9e au suivi de la situation relative \u00e0 la propagation de cette pand\u00e9mie sur les plans national et provincial, sachant qu\u2019\u00e0 l\u2019heure actuelle, aucun cas de contamination par le Covid-19 n\u2019a \u00e9t\u00e9 enregistr\u00e9 au niveau de la province de Youssoufia.<\/p>\n<p>La rencontre a \u00e9t\u00e9 aussi d\u00e9di\u00e9e \u00e0 l\u2019examen de la situation de l\u2019approvisionnement des march\u00e9s en produits de premi\u00e8re n\u00e9cessit\u00e9, ainsi qu\u2019aux op\u00e9rations de contr\u00f4le des prix.<\/p>\n<p>A cette occasion, il a \u00e9t\u00e9 relev\u00e9 que la situation d\u2019approvisionnement des march\u00e9s en denr\u00e9es alimentaires est \u00ab\u00a0normale\u00a0\u00bb et que ces produits sont disponibles en quantit\u00e9s suffisantes pour r\u00e9pondre aux besoins des citoyens.<\/p>\n<p>Dans ce cadre, le gouverneur a appel\u00e9 l\u2019ensemble des intervenants \u00e0 veiller scrupuleusement \u00e0 l\u2019ex\u00e9cution des mesures et d\u00e9cisions prises par les pouvoirs publics en vue de faire face au risque de propagation de cette pand\u00e9mie au niveau de la province, tout en insistant sur la n\u00e9cessit\u00e9 de faire preuve de vigilance continue et permanente et de mobiliser toutes les forces vives dans cette circonstance exceptionnelle.<\/p>\n<p>Et afin de pr\u00e9server la s\u00e9curit\u00e9 et la sant\u00e9 des citoyennes et citoyens de la province de Youssoufia, l\u2019accent a \u00e9t\u00e9 mis lors de cette r\u00e9union sur l\u2019imp\u00e9ratif d\u2019adh\u00e9rer et de se conformer strictement aux d\u00e9cisions et mesures pr\u00e9ventives prises par les pouvoirs publics afin de faire face \u00e0 la propagation de cette pand\u00e9mie et ce, en r\u00e9duisant les d\u00e9placements sauf dans les cas d\u2019extr\u00eame n\u00e9cessit\u00e9 et en respectant le confinement dans les maisons en tant que mesure indispensable et pr\u00e9ventive pour juguler la propagation du coronavirus.<\/p>\n<\/div>\n<p>Auteur: Meriem IGASS<br \/>\n<a href=\"http:\/\/www.mapmarrakech.ma\/fr\/covid-19-reunion-sur-le-suivi-des-mesures-preventives\/\">Cliquez ici pour lire l&rsquo;article depuis sa source.<\/a><\/p>\n","protected":false},"excerpt":{"rendered":"<p>Youssoufia \u2013 Une r\u00e9union sur la mise en application des mesures pr\u00e9ventives prises par les pouvoirs publics pour la lutte contre la propagation du nouveau coronavirus (Covid-19) a \u00e9t\u00e9 tenue, mercredi, au si\u00e8ge de la pr\u00e9fecture de la province de Youssoufia. Pr\u00e9sid\u00e9e par le gouverneur de la province, Mohamed Salem Essabti, cette r\u00e9union, qui s\u2019est [&hellip;]<\/p>\n","protected":false},"author":1788,"featured_media":79513,"comment_status":"closed","ping_status":"closed","sticky":false,"template":"","format":"standard","meta":{"fifu_image_url":"","fifu_image_alt":"","footnotes":""},"categories":[54,76],"tags":[],"class_list":["post-79512","post","type-post","status-publish","format-standard","has-post-thumbnail","hentry","category-maroc","category-regions"],"_links":{"self":[{"href":"https:\/\/linitiative.ca\/International\/wp-json\/wp\/v2\/posts\/79512","targetHints":{"allow":["GET"]}}],"collection":[{"href":"https:\/\/linitiative.ca\/International\/wp-json\/wp\/v2\/posts"}],"about":[{"href":"https:\/\/linitiative.ca\/International\/wp-json\/wp\/v2\/types\/post"}],"author":[{"embeddable":true,"href":"https:\/\/linitiative.ca\/International\/wp-json\/wp\/v2\/users\/1788"}],"replies":[{"embeddable":true,"href":"https:\/\/linitiative.ca\/International\/wp-json\/wp\/v2\/comments?post=79512"}],"version-history":[{"count":0,"href":"https:\/\/linitiative.ca\/International\/wp-json\/wp\/v2\/posts\/79512\/revisions"}],"wp:featuredmedia":[{"embeddable":true,"href":"https:\/\/linitiative.ca\/International\/wp-json\/"}],"wp:attachment":[{"href":"https:\/\/linitiative.ca\/International\/wp-json\/wp\/v2\/media?parent=79512"}],"wp:term":[{"taxonomy":"category","embeddable":true,"href":"https:\/\/linitiative.ca\/International\/wp-json\/wp\/v2\/categories?post=79512"},{"taxonomy":"post_tag","embeddable":true,"href":"https:\/\/linitiative.ca\/International\/wp-json\/wp\/v2\/tags?post=79512"}],"curies":[{"name":"wp","href":"https:\/\/api.w.org\/{rel}","templated":true}]}}