{"id":79515,"date":"2020-03-19T07:30:09","date_gmt":"2020-03-19T11:30:09","guid":{"rendered":"https:\/\/linitiative.ca\/International\/pomme-de-terre-dix-neuf-mandataires-au-marche-de-gros-del-kerma-verbalises\/"},"modified":"2020-03-19T07:30:09","modified_gmt":"2020-03-19T11:30:09","slug":"pomme-de-terre-dix-neuf-mandataires-au-marche-de-gros-del-kerma-verbalises","status":"publish","type":"post","link":"https:\/\/linitiative.ca\/International\/pomme-de-terre-dix-neuf-mandataires-au-marche-de-gros-del-kerma-verbalises\/","title":{"rendered":"Pomme de terre : dix-neuf mandataires au march\u00e9 de gros d\u2019El Kerma verbalis\u00e9s"},"content":{"rendered":"<div readability=\"38\">\n<p><strong>ORAN &#8211; Quelque 19 mandataires exer\u00e7ant au march\u00e9 de gros de fruits et l\u00e9gumes d\u2019El Kerma (Es-S\u00e9nia), ont \u00e9t\u00e9 verbalis\u00e9s, jeudi, pour d\u00e9faut d\u2019affichage des prix de la pomme de terre, a-t-on appris du directeur du commerce de la wilaya d\u2019Oran.<\/strong><\/p>\n<\/div>\n<div readability=\"87.5\">\n<p>\u00ab\u00a0Ces 19 mandataires, activant au march\u00e9 de gros de fruits et l\u00e9gumes d\u2019El Kerma, ont \u00e9t\u00e9 verbalis\u00e9s par les brigades de contr\u00f4le de la direction du commerce de la wilaya. Ils doivent s\u2019acquitter d\u2019une amende de 100.000 DA chacun\u00a0\u00bb, a indiqu\u00e9 \u00e0 l\u2019APS, Belarbi Ahmed, pr\u00e9cisant que cette infraction est li\u00e9e au d\u00e9faut d\u2019affichage des prix de la pomme de terre.<\/p>\n<blockquote readability=\"9\">\n<p><em><strong>Par ailleurs, deux proc\u00e8s-verbaux de d\u00e9faut de facturation ont \u00e9t\u00e9 dress\u00e9s \u00e0 l\u2019encontre de deux autres mandataires contrevenants pour un montant de 400.000 DA, a ajout\u00e9 de le m\u00eame responsable.<\/strong><\/em><\/p>\n<\/blockquote>\n<p>Cette op\u00e9ration \u00ab\u00a0coup de poing\u00a0\u00bb, men\u00e9e au niveau du march\u00e9 de gros des fruits et l\u00e9gumes d\u2019El Kerma, consid\u00e9r\u00e9 comme le \u00ab\u00a0ventre\u00a0\u00bb d\u2019Oran, a \u00e9t\u00e9 effectu\u00e9e, jeudi, \u00e0 cinq heures du matin par cinq brigades de contr\u00f4le de cette direction, selon la m\u00eame source.<\/p>\n<p>Le m\u00eame responsable a assur\u00e9, avec fermet\u00e9, que l\u2019op\u00e9ration se poursuivra jusqu\u2019\u00e0 ce que les prix de ce tubercule reviennent \u00e0 la normale, suite aux mesures prises par les pouvoirs publics, pour la stabilisation du march\u00e9, dans ce contexte de lutte contre le Coronavirus.<\/p>\n<p>La pomme de terre a \u00e9t\u00e9 c\u00e9d\u00e9e au niveau du march\u00e9 de gros des fruits et l\u00e9gumes d\u2019El kerma, ce jeudi, \u00e0 un prix oscillant entre 30 et 50 DA le kilogramme, selon la qualit\u00e9, a-t-on affirm\u00e9 de m\u00eame source.<\/p>\n<blockquote readability=\"14\">\n<p><em><strong>Par ailleurs, aucune infraction n\u2019a \u00e9t\u00e9 enregistr\u00e9, \u00e0 l\u2019endroit des grossistes, au niveau d\u2019autres march\u00e9s d\u2019alimentation g\u00e9n\u00e9rale, notamment ceux ha\u00ef El Othmania et Sidi El Hasni, a soulign\u00e9 le m\u00eame interlocuteur, en faisant observer que \u00ab\u00a0les prix des produits alimentaires sensibles sont stables\u00a0\u00bb.<\/strong><\/em><\/p>\n<\/blockquote>\n<p>\u00ab\u00a0La semoule et la farine, elles, connaissent une l\u00e9g\u00e8re p\u00e9nurie\u00a0\u00bb, a fait savoir le m\u00eame responsable indiquant \u00e0 l\u2019APS que \u00ab\u00a0pour faire face \u00e0 ce probl\u00e8me de p\u00e9nurie, les minoteries de la wilaya d\u2019Oran seront autoris\u00e9es \u00e0 vendre directement aux consommateurs\u00a0\u00bb.<\/p>\n<p>Selon la m\u00eame source, 52 minoteries viennent d\u2019\u00eatre appel\u00e9es \u00ab\u00a0\u00e0 la rescousse pour combler ce d\u00e9ficit\u00a0\u00bb.<\/p>\n<\/div>\n<p>Auteur:<br \/>\n<a href=\"http:\/\/www.aps.dz\/regions\/103221-pomme-de-terre-dix-neuf-mandataires-au-marche-de-gros-d-el-kerma-verbalises\">Cliquez ici pour lire l&rsquo;article depuis sa source.<\/a><\/p>\n","protected":false},"excerpt":{"rendered":"<p>ORAN &#8211; Quelque 19 mandataires exer\u00e7ant au march\u00e9 de gros de fruits et l\u00e9gumes d\u2019El Kerma (Es-S\u00e9nia), ont \u00e9t\u00e9 verbalis\u00e9s, jeudi, pour d\u00e9faut d\u2019affichage des prix de la pomme de terre, a-t-on appris du directeur du commerce de la wilaya d\u2019Oran. \u00ab\u00a0Ces 19 mandataires, activant au march\u00e9 de gros de fruits et l\u00e9gumes d\u2019El Kerma, [&hellip;]<\/p>\n","protected":false},"author":1790,"featured_media":0,"comment_status":"closed","ping_status":"closed","sticky":false,"template":"","format":"standard","meta":{"fifu_image_url":"","fifu_image_alt":"","footnotes":""},"categories":[53,76],"tags":[],"class_list":["post-79515","post","type-post","status-publish","format-standard","hentry","category-algerie","category-regions"],"_links":{"self":[{"href":"https:\/\/linitiative.ca\/International\/wp-json\/wp\/v2\/posts\/79515","targetHints":{"allow":["GET"]}}],"collection":[{"href":"https:\/\/linitiative.ca\/International\/wp-json\/wp\/v2\/posts"}],"about":[{"href":"https:\/\/linitiative.ca\/International\/wp-json\/wp\/v2\/types\/post"}],"author":[{"embeddable":true,"href":"https:\/\/linitiative.ca\/International\/wp-json\/wp\/v2\/users\/1790"}],"replies":[{"embeddable":true,"href":"https:\/\/linitiative.ca\/International\/wp-json\/wp\/v2\/comments?post=79515"}],"version-history":[{"count":0,"href":"https:\/\/linitiative.ca\/International\/wp-json\/wp\/v2\/posts\/79515\/revisions"}],"wp:attachment":[{"href":"https:\/\/linitiative.ca\/International\/wp-json\/wp\/v2\/media?parent=79515"}],"wp:term":[{"taxonomy":"category","embeddable":true,"href":"https:\/\/linitiative.ca\/International\/wp-json\/wp\/v2\/categories?post=79515"},{"taxonomy":"post_tag","embeddable":true,"href":"https:\/\/linitiative.ca\/International\/wp-json\/wp\/v2\/tags?post=79515"}],"curies":[{"name":"wp","href":"https:\/\/api.w.org\/{rel}","templated":true}]}}