{"id":79516,"date":"2020-03-19T14:05:44","date_gmt":"2020-03-19T18:05:44","guid":{"rendered":"https:\/\/linitiative.ca\/International\/alger-journee-de-sensibilisation-au-danger-du-coronavirus-a-la-place-de-la-grande-poste\/"},"modified":"2020-03-19T14:05:44","modified_gmt":"2020-03-19T18:05:44","slug":"alger-journee-de-sensibilisation-au-danger-du-coronavirus-a-la-place-de-la-grande-poste","status":"publish","type":"post","link":"https:\/\/linitiative.ca\/International\/alger-journee-de-sensibilisation-au-danger-du-coronavirus-a-la-place-de-la-grande-poste\/","title":{"rendered":"Alger: journ\u00e9e de sensibilisation au danger du Coronavirus \u00e0 la place de la Grande Poste"},"content":{"rendered":"<div readability=\"35\">\n<p><strong>ALGER &#8211; L&rsquo;Assembl\u00e9e populaire communale (APC) d&rsquo;Alger Centre a organis\u00e9 jeudi au niveau de la Place de la Grande Poste une journ\u00e9e de sensibilisation aux risques du Coronavirus (Covid-19), a-t-on constat\u00e9.<\/strong><\/p>\n<\/div>\n<div readability=\"84\">\n<p>Cette journ\u00e9e a \u00e9t\u00e9 organis\u00e9e en collaboration avec plusieurs \u00e9tablissements publics et des associations de la soci\u00e9t\u00e9 civile.<\/p>\n<p>Dans une d\u00e9claration \u00e0 l&rsquo;APS, le pr\u00e9sident de l&rsquo;APC, Abdelhakim Bettache a affirm\u00e9, par cette occasion, que l&rsquo;objectif de ces journ\u00e9es \u00e9tait de se rapprocher davantage des diff\u00e9rentes franges de la soci\u00e9t\u00e9 afin de les sensibiliser aux risques du Covid-19 et aux moyens d&rsquo;y faire face.<\/p>\n<p>Il a indiqu\u00e9 dans ce sens qu&rsquo;il s&rsquo;agit de faire conna\u00eetre les conditions d&rsquo;hygi\u00e8ne quotidiennes devant stopper la propagation de cette pand\u00e9mie dont, \u00ab\u00a0l&rsquo;utilisation des gants, des masques et du gel d\u00e9sinfectant, le lavage des mains et la couverture de la bouche et du nez en cas d&rsquo;\u00e9ternuement ou de toux\u00a0\u00bb.<\/p>\n<p>A ce propos, M. Bettache a fait savoir que l&rsquo;APC\u00a0 d&rsquo;Alger centre avait mis en place une cellule de crise pour faire face \u00e0 ce virus mena\u00e7ant le monde entier et non l&rsquo;Alg\u00e9rie uniquement.<\/p>\n<p>L\u2019application des instructions du minist\u00e8re de l&rsquo;Int\u00e9rieur, des collectivit\u00e9s locales et de l&rsquo;am\u00e9nagement du territoire, et des services de la wilaya d&rsquo;Alger, plusieurs op\u00e9rations , poursuit-il, ont \u00e9t\u00e9 engag\u00e9es pour la d\u00e9sinfection des places publiques, des quartiers, des caves et des jardins publics et autres structures ferm\u00e9es provisoirement.<\/p>\n<p>I a rappel\u00e9e dans ce sillage l&rsquo;application ferme de la d\u00e9cision de wilaya relative \u00e0 l'\u00a0\u00bbinterdiction ferme de toute activit\u00e9 \u00e0 caract\u00e8re populaire dont les f\u00eates, les cin\u00e9mas, les jardins publics, les espaces de loisirs, les hammams, les garderies et cr\u00e8ches\u00a0\u00bb.<\/p>\n<p>Expliquant que ces op\u00e9rations quotidiennes de d\u00e9sinfection se veulent un moyen de lutte contre la propagation du Coronavirus et la sensibilisation \u00e0 ses risques, le m\u00eame responsable a annonc\u00e9 le lancement d&rsquo;un num\u00e9ro vert (Allo ma commune) 0800 110 002 en faveur des citoyens d\u00e9sirant avoir davantage d&rsquo;information sur cette pand\u00e9mie en sus du num\u00e9ro vert du minist\u00e8re de la Sant\u00e9: 3030.<\/p>\n<p>L&rsquo;APC d&rsquo;Alger centre a mis \u00e0 la disposition des citoyens dans les diff\u00e9rentes rues et places publiques (Alger centre) dui gel d\u00e9sinfectant outre la d\u00e9sinfection et le nettoyage des diff\u00e9rentes stations de bus.<\/p>\n<\/div>\n<p>Auteur:<br \/>\n<a href=\"http:\/\/www.aps.dz\/regions\/103239-alger-journee-de-sensibilisation-au-danger-du-coronavirus-a-la-place-de-la-grande-poste\">Cliquez ici pour lire l&rsquo;article depuis sa source.<\/a><\/p>\n","protected":false},"excerpt":{"rendered":"<p>ALGER &#8211; L&rsquo;Assembl\u00e9e populaire communale (APC) d&rsquo;Alger Centre a organis\u00e9 jeudi au niveau de la Place de la Grande Poste une journ\u00e9e de sensibilisation aux risques du Coronavirus (Covid-19), a-t-on constat\u00e9. Cette journ\u00e9e a \u00e9t\u00e9 organis\u00e9e en collaboration avec plusieurs \u00e9tablissements publics et des associations de la soci\u00e9t\u00e9 civile. Dans une d\u00e9claration \u00e0 l&rsquo;APS, le [&hellip;]<\/p>\n","protected":false},"author":1790,"featured_media":0,"comment_status":"closed","ping_status":"closed","sticky":false,"template":"","format":"standard","meta":{"fifu_image_url":"","fifu_image_alt":"","footnotes":""},"categories":[53,76],"tags":[],"class_list":["post-79516","post","type-post","status-publish","format-standard","hentry","category-algerie","category-regions"],"_links":{"self":[{"href":"https:\/\/linitiative.ca\/International\/wp-json\/wp\/v2\/posts\/79516","targetHints":{"allow":["GET"]}}],"collection":[{"href":"https:\/\/linitiative.ca\/International\/wp-json\/wp\/v2\/posts"}],"about":[{"href":"https:\/\/linitiative.ca\/International\/wp-json\/wp\/v2\/types\/post"}],"author":[{"embeddable":true,"href":"https:\/\/linitiative.ca\/International\/wp-json\/wp\/v2\/users\/1790"}],"replies":[{"embeddable":true,"href":"https:\/\/linitiative.ca\/International\/wp-json\/wp\/v2\/comments?post=79516"}],"version-history":[{"count":0,"href":"https:\/\/linitiative.ca\/International\/wp-json\/wp\/v2\/posts\/79516\/revisions"}],"wp:attachment":[{"href":"https:\/\/linitiative.ca\/International\/wp-json\/wp\/v2\/media?parent=79516"}],"wp:term":[{"taxonomy":"category","embeddable":true,"href":"https:\/\/linitiative.ca\/International\/wp-json\/wp\/v2\/categories?post=79516"},{"taxonomy":"post_tag","embeddable":true,"href":"https:\/\/linitiative.ca\/International\/wp-json\/wp\/v2\/tags?post=79516"}],"curies":[{"name":"wp","href":"https:\/\/api.w.org\/{rel}","templated":true}]}}