{"id":79519,"date":"2020-03-18T17:50:35","date_gmt":"2020-03-18T21:50:35","guid":{"rendered":"https:\/\/linitiative.ca\/International\/la-fnsmdl-sengage-dans-la-lutte-conte-le-coronavirus\/"},"modified":"2020-03-18T17:50:35","modified_gmt":"2020-03-18T21:50:35","slug":"la-fnsmdl-sengage-dans-la-lutte-conte-le-coronavirus","status":"publish","type":"post","link":"https:\/\/linitiative.ca\/International\/la-fnsmdl-sengage-dans-la-lutte-conte-le-coronavirus\/","title":{"rendered":"La FNSMDL s\u2019engage dans la lutte conte le coronavirus"},"content":{"rendered":"<p class=\"c5\">La F\u00e9d\u00e9ration nationale des syndicats des m\u00e9decins dentistes du secteur lib\u00e9ral (FNSMDL) a fait part de son engagement total dans la lutte contre la propagation du Coronavirus (Covid-19).<\/p>\n<p class=\"c5\">\u2018\u2019A la lumi\u00e8re des instructions des pouvoirs publics et des mesures pr\u00e9ventives adopt\u00e9es pour contenir la propagation du coronavirus, reconnue par l\u2019OMS en tant que pand\u00e9mie, la F\u00e9d\u00e9ration nationale des syndicats des m\u00e9decins dentistes du secteur lib\u00e9ral annonce son engagement total dans toutes les mesures et actions n\u00e9cessaires pour faire face \u00e0 cette pand\u00e9mie mondiale\u2019\u2019, indique la F\u00e9d\u00e9ration dans un communiqu\u00e9.<\/p>\n<p class=\"c5\">Rappelant que l\u2019article 40 de la Constitution stipule la solidarit\u00e9 au moment des calamit\u00e9s, la F\u00e9d\u00e9ration invite tous les m\u00e9decins dentistes du secteur lib\u00e9ral \u00e0 suspendre leur activit\u00e9 professionnelle, et la restreindre uniquement aux urgences, et ce jusqu\u2019\u00e0 nouvel ordre.<\/p>\n<p class=\"c5\">Cette d\u00e9cision intervient conform\u00e9ment aux dispositions visant \u00e0 r\u00e9duire la contagiosit\u00e9 et la propagation du virus, sachant que les actes de soins bucco-dentaires provoquent \u2019\u2019un a\u00e9rosol salivaire extra oral occasionnant un grand danger de transmission du virus et de contamination des citoyens au sein des structures de m\u00e9decine dentaire\u2019\u2019, explique la m\u00eame source.<\/p>\n<p class=\"c5\">Par ailleurs, la F\u00e9d\u00e9ration met l\u2019accent sur l\u2019importance de la protection des m\u00e9decins dentistes et leurs assistantes des risques tr\u00e8s \u00e9lev\u00e9s de contamination lors de la r\u00e9ception des urgences, appelant dans ce sens le ministre de la Sant\u00e9 \u00e0 mettre \u00e0 leur disposition, \u00e0 des tarifs accessibles, les diff\u00e9rents outils de protection n\u00e9cessaires (masques FFP2 , produits antiseptiques , gants , \u2026 etc).<\/p>\n<p class=\"c5\">Elle lance \u00e9galement un appel pour la fermeture imm\u00e9diate des repaires d\u2019exercice ill\u00e9gal de la m\u00e9decine dentaire qui constituent \u2019\u2019un danger de sant\u00e9 publique et des foyers de transmission et de propagation s\u00fbres de la pand\u00e9mie\u2019\u2019.<\/p>\n<p class=\"c5\">Dans son communiqu\u00e9, la F\u00e9d\u00e9ration salue tous les m\u00e9decins dentistes pour \u00ab\u00a0leur sens de responsabilit\u00e9 et leur d\u00e9vouement en mettant l\u2019int\u00e9r\u00eat g\u00e9n\u00e9ral du pays et la sant\u00e9 de leurs concitoyens au dessus de toute autre consid\u00e9ration, et ce malgr\u00e9 les difficult\u00e9s financi\u00e8res de la majorit\u00e9 d\u2019entre eux, et l\u2019incapacit\u00e9 d\u2019honorer leurs engagements financiers du fait de la suspension de leur activit\u00e9\u2019\u2019.<\/p>\n<p>Auteur: Soufiane ELAHMAR<br \/>\n<a href=\"http:\/\/www.mapoujda.ma\/fr\/la-fnsmdl-sengage-dans-la-lutte-conte-le-coronavirus\/\">Cliquez ici pour lire l&rsquo;article depuis sa source.<\/a><\/p>\n","protected":false},"excerpt":{"rendered":"<p>La F\u00e9d\u00e9ration nationale des syndicats des m\u00e9decins dentistes du secteur lib\u00e9ral (FNSMDL) a fait part de son engagement total dans la lutte contre la propagation du Coronavirus (Covid-19). \u2018\u2019A la lumi\u00e8re des instructions des pouvoirs publics et des mesures pr\u00e9ventives adopt\u00e9es pour contenir la propagation du coronavirus, reconnue par l\u2019OMS en tant que pand\u00e9mie, la [&hellip;]<\/p>\n","protected":false},"author":1788,"featured_media":0,"comment_status":"closed","ping_status":"closed","sticky":false,"template":"","format":"standard","meta":{"fifu_image_url":"","fifu_image_alt":"","footnotes":""},"categories":[54,76],"tags":[],"class_list":["post-79519","post","type-post","status-publish","format-standard","hentry","category-maroc","category-regions"],"_links":{"self":[{"href":"https:\/\/linitiative.ca\/International\/wp-json\/wp\/v2\/posts\/79519","targetHints":{"allow":["GET"]}}],"collection":[{"href":"https:\/\/linitiative.ca\/International\/wp-json\/wp\/v2\/posts"}],"about":[{"href":"https:\/\/linitiative.ca\/International\/wp-json\/wp\/v2\/types\/post"}],"author":[{"embeddable":true,"href":"https:\/\/linitiative.ca\/International\/wp-json\/wp\/v2\/users\/1788"}],"replies":[{"embeddable":true,"href":"https:\/\/linitiative.ca\/International\/wp-json\/wp\/v2\/comments?post=79519"}],"version-history":[{"count":0,"href":"https:\/\/linitiative.ca\/International\/wp-json\/wp\/v2\/posts\/79519\/revisions"}],"wp:attachment":[{"href":"https:\/\/linitiative.ca\/International\/wp-json\/wp\/v2\/media?parent=79519"}],"wp:term":[{"taxonomy":"category","embeddable":true,"href":"https:\/\/linitiative.ca\/International\/wp-json\/wp\/v2\/categories?post=79519"},{"taxonomy":"post_tag","embeddable":true,"href":"https:\/\/linitiative.ca\/International\/wp-json\/wp\/v2\/tags?post=79519"}],"curies":[{"name":"wp","href":"https:\/\/api.w.org\/{rel}","templated":true}]}}