{"id":79520,"date":"2020-03-19T07:23:26","date_gmt":"2020-03-19T11:23:26","guid":{"rendered":"https:\/\/linitiative.ca\/International\/covid-19-la-map-lance-le-site-mapanticorona-map-ma\/"},"modified":"2020-03-19T07:23:26","modified_gmt":"2020-03-19T11:23:26","slug":"covid-19-la-map-lance-le-site-mapanticorona-map-ma","status":"publish","type":"post","link":"https:\/\/linitiative.ca\/International\/covid-19-la-map-lance-le-site-mapanticorona-map-ma\/","title":{"rendered":"Covid-19: La MAP lance le site \u00ab mapanticorona.map.ma \u00bb"},"content":{"rendered":"<div class=\"single-featured\"><img alt=\"\" data-src=\"http:\/\/www.mapoujda.ma\/map\/uploads\/2020\/03\/Page-daccueil-du-site-www.mapanticorona.map_.ma-M750&#xD7;430-MAP.jpg\"\/><\/div>\n<div class=\"entry-content clearfix single-post-content\" readability=\"50.9951690821\">\n<p class=\"c5\">L\u2019Agence marocaine de presse (MAP) vient de lancer le site internet \u00ab\u00a0<a href=\"http:\/\/mapanticorona.map.ma\/\" target=\"_blank\" rel=\"noopener noreferrer\">mapanticorona.map.ma<\/a>\u00a0\u00bb d\u00e9di\u00e9 \u00e0 la publication de l\u2019ensemble des informations v\u00e9rifi\u00e9es et cr\u00e9dibles li\u00e9es au virus du Corona (Covid-19), et ainsi tenir l\u2019opinion publique inform\u00e9e des d\u00e9veloppements concernant cette pand\u00e9mie.<\/p>\n<p class=\"c5\">Ce portail \u00e9lectronique se veut une plate-forme g\u00e9n\u00e9rale aliment\u00e9e en temps r\u00e9el par les derni\u00e8res informations portant sur l\u2019\u00e9volution de la situation \u00e9pid\u00e9miologique au Maroc et dans le monde, ainsi que sur les mesures prises ou \u00e0 prendre contre la propagation du virus.<\/p>\n<p class=\"c5\">\u00ab\u00a0mapanticorona.map.ma\u00a0\u00bb est \u00e9galement destin\u00e9 \u00e0 contrecarrer les fausses informations \u00ab\u00a0fake news\u00a0\u00bb qui sont parfois v\u00e9hicul\u00e9es sur les r\u00e9seaux sociaux et par autres outils de communication et supports d\u2019information.<\/p>\n<p class=\"c5\">Le site offre l\u2019information exacte, compl\u00e8te et sourc\u00e9e sous forme de texte et d\u2019image \u00e0 travers les d\u00e9p\u00eaches, les photographies, les vid\u00e9os ainsi que les infographies et les vid\u00e9ographies.<\/p>\n<\/div>\n<p>Auteur: Soufiane ELAHMAR<br \/>\n<a href=\"http:\/\/www.mapoujda.ma\/fr\/covid-19-la-map-lance-le-site-mapanticorona-map-ma\/\">Cliquez ici pour lire l&rsquo;article depuis sa source.<\/a><\/p>\n","protected":false},"excerpt":{"rendered":"<p>L\u2019Agence marocaine de presse (MAP) vient de lancer le site internet \u00ab\u00a0mapanticorona.map.ma\u00a0\u00bb d\u00e9di\u00e9 \u00e0 la publication de l\u2019ensemble des informations v\u00e9rifi\u00e9es et cr\u00e9dibles li\u00e9es au virus du Corona (Covid-19), et ainsi tenir l\u2019opinion publique inform\u00e9e des d\u00e9veloppements concernant cette pand\u00e9mie. Ce portail \u00e9lectronique se veut une plate-forme g\u00e9n\u00e9rale aliment\u00e9e en temps r\u00e9el par les derni\u00e8res [&hellip;]<\/p>\n","protected":false},"author":1788,"featured_media":79521,"comment_status":"closed","ping_status":"closed","sticky":false,"template":"","format":"standard","meta":{"fifu_image_url":"","fifu_image_alt":"","footnotes":""},"categories":[54,76],"tags":[],"class_list":["post-79520","post","type-post","status-publish","format-standard","has-post-thumbnail","hentry","category-maroc","category-regions"],"_links":{"self":[{"href":"https:\/\/linitiative.ca\/International\/wp-json\/wp\/v2\/posts\/79520","targetHints":{"allow":["GET"]}}],"collection":[{"href":"https:\/\/linitiative.ca\/International\/wp-json\/wp\/v2\/posts"}],"about":[{"href":"https:\/\/linitiative.ca\/International\/wp-json\/wp\/v2\/types\/post"}],"author":[{"embeddable":true,"href":"https:\/\/linitiative.ca\/International\/wp-json\/wp\/v2\/users\/1788"}],"replies":[{"embeddable":true,"href":"https:\/\/linitiative.ca\/International\/wp-json\/wp\/v2\/comments?post=79520"}],"version-history":[{"count":0,"href":"https:\/\/linitiative.ca\/International\/wp-json\/wp\/v2\/posts\/79520\/revisions"}],"wp:featuredmedia":[{"embeddable":true,"href":"https:\/\/linitiative.ca\/International\/wp-json\/"}],"wp:attachment":[{"href":"https:\/\/linitiative.ca\/International\/wp-json\/wp\/v2\/media?parent=79520"}],"wp:term":[{"taxonomy":"category","embeddable":true,"href":"https:\/\/linitiative.ca\/International\/wp-json\/wp\/v2\/categories?post=79520"},{"taxonomy":"post_tag","embeddable":true,"href":"https:\/\/linitiative.ca\/International\/wp-json\/wp\/v2\/tags?post=79520"}],"curies":[{"name":"wp","href":"https:\/\/api.w.org\/{rel}","templated":true}]}}