{"id":79522,"date":"2020-03-19T08:52:18","date_gmt":"2020-03-19T12:52:18","guid":{"rendered":"https:\/\/linitiative.ca\/International\/covid-19-4-nouveaux-cas-confirmes-au-maroc-58-au-total\/"},"modified":"2020-03-19T08:52:18","modified_gmt":"2020-03-19T12:52:18","slug":"covid-19-4-nouveaux-cas-confirmes-au-maroc-58-au-total","status":"publish","type":"post","link":"https:\/\/linitiative.ca\/International\/covid-19-4-nouveaux-cas-confirmes-au-maroc-58-au-total\/","title":{"rendered":"Covid-19: 4 nouveaux cas confirm\u00e9s au Maroc, 58 au total"},"content":{"rendered":"<div class=\"single-featured\"><img alt=\"\" data-src=\"http:\/\/www.mapoujda.ma\/map\/uploads\/2020\/03\/Laboratoire-de-Virologie-M750&#xD7;430-MAP.jpg\"\/><\/div>\n<div class=\"entry-content clearfix single-post-content\" readability=\"51\">\n<p class=\"c5\">Quatre nouveaux cas confirm\u00e9s de contamination au nouveau coronavirus (Covid-19) ont \u00e9t\u00e9 enregistr\u00e9s au Maroc durant la nuit de mercredi jusqu\u2019\u00e0 jeudi 9h00, portant \u00e0 58 le nombre total de cas confirm\u00e9s dans le Royaume jusqu\u2019\u00e0 pr\u00e9sent, annonce le minist\u00e8re de la Sant\u00e9 sur son site \u00ab\u00a0www.covidmaroc.ma\u00a0\u00bb.<\/p>\n<p class=\"c5\">Les quatre nouveaux cas ont \u00e9t\u00e9 confirm\u00e9s au laboratoire de l\u2019Institut Pasteur-Maroc et au Centre national de la grippe et des virus respiratoires relevant de l\u2019Institut d\u2019hygi\u00e8ne de Rabat, selon le minist\u00e8re qui fait savoir que les cas exclus suite \u00e0 un r\u00e9sultat n\u00e9gatif du laboratoire sont au nombre de 271.<\/p>\n<p class=\"c5\">Tous ces cas sont actuellement sous assistance m\u00e9dicale \u00e0 l\u2019h\u00f4pital o\u00f9 ils sont pris en charge conform\u00e9ment aux mesures sanitaires en vigueur, rassure le minist\u00e8re.<\/p>\n<p class=\"c5\">Le minist\u00e8re de la sant\u00e9 invite les citoyennes et les citoyens \u00e0 respecter les r\u00e8gles d\u2019hygi\u00e8ne et de s\u00e9curit\u00e9 sanitaire ainsi que les mesures pr\u00e9ventives prises par les autorit\u00e9s marocaines en faisant preuve de responsabilit\u00e9 et de patriotisme.<\/p>\n<\/div>\n<p>Auteur: Soufiane ELAHMAR<br \/>\n<a href=\"http:\/\/www.mapoujda.ma\/fr\/covid-19-4-nouveaux-cas-confirmes-au-maroc-58-au-total\/\">Cliquez ici pour lire l&rsquo;article depuis sa source.<\/a><\/p>\n","protected":false},"excerpt":{"rendered":"<p>Quatre nouveaux cas confirm\u00e9s de contamination au nouveau coronavirus (Covid-19) ont \u00e9t\u00e9 enregistr\u00e9s au Maroc durant la nuit de mercredi jusqu\u2019\u00e0 jeudi 9h00, portant \u00e0 58 le nombre total de cas confirm\u00e9s dans le Royaume jusqu\u2019\u00e0 pr\u00e9sent, annonce le minist\u00e8re de la Sant\u00e9 sur son site \u00ab\u00a0www.covidmaroc.ma\u00a0\u00bb. Les quatre nouveaux cas ont \u00e9t\u00e9 confirm\u00e9s au [&hellip;]<\/p>\n","protected":false},"author":1788,"featured_media":79523,"comment_status":"closed","ping_status":"closed","sticky":false,"template":"","format":"standard","meta":{"fifu_image_url":"","fifu_image_alt":"","footnotes":""},"categories":[54,76],"tags":[],"class_list":["post-79522","post","type-post","status-publish","format-standard","has-post-thumbnail","hentry","category-maroc","category-regions"],"_links":{"self":[{"href":"https:\/\/linitiative.ca\/International\/wp-json\/wp\/v2\/posts\/79522","targetHints":{"allow":["GET"]}}],"collection":[{"href":"https:\/\/linitiative.ca\/International\/wp-json\/wp\/v2\/posts"}],"about":[{"href":"https:\/\/linitiative.ca\/International\/wp-json\/wp\/v2\/types\/post"}],"author":[{"embeddable":true,"href":"https:\/\/linitiative.ca\/International\/wp-json\/wp\/v2\/users\/1788"}],"replies":[{"embeddable":true,"href":"https:\/\/linitiative.ca\/International\/wp-json\/wp\/v2\/comments?post=79522"}],"version-history":[{"count":0,"href":"https:\/\/linitiative.ca\/International\/wp-json\/wp\/v2\/posts\/79522\/revisions"}],"wp:featuredmedia":[{"embeddable":true,"href":"https:\/\/linitiative.ca\/International\/wp-json\/"}],"wp:attachment":[{"href":"https:\/\/linitiative.ca\/International\/wp-json\/wp\/v2\/media?parent=79522"}],"wp:term":[{"taxonomy":"category","embeddable":true,"href":"https:\/\/linitiative.ca\/International\/wp-json\/wp\/v2\/categories?post=79522"},{"taxonomy":"post_tag","embeddable":true,"href":"https:\/\/linitiative.ca\/International\/wp-json\/wp\/v2\/tags?post=79522"}],"curies":[{"name":"wp","href":"https:\/\/api.w.org\/{rel}","templated":true}]}}