{"id":79524,"date":"2020-03-19T11:56:40","date_gmt":"2020-03-19T15:56:40","guid":{"rendered":"https:\/\/linitiative.ca\/International\/coronavirus-deuxieme-cas-de-guerison-au-maroc\/"},"modified":"2020-03-19T11:56:40","modified_gmt":"2020-03-19T15:56:40","slug":"coronavirus-deuxieme-cas-de-guerison-au-maroc","status":"publish","type":"post","link":"https:\/\/linitiative.ca\/International\/coronavirus-deuxieme-cas-de-guerison-au-maroc\/","title":{"rendered":"Coronavirus: Deuxi\u00e8me cas de gu\u00e9rison au Maroc"},"content":{"rendered":"<div class=\"single-featured\"><img alt=\"\" data-src=\"http:\/\/www.mapoujda.ma\/map\/uploads\/2020\/03\/Le-centre-de-virologie-M750&#xD7;430-MAP.jpg\"\/><\/div>\n<div class=\"entry-content clearfix single-post-content\" readability=\"61\">\n<p class=\"c5\">Le minist\u00e8re de la Sant\u00e9 a annonc\u00e9, jeudi, qu\u2019une femme atteinte du Coronavirus a gu\u00e9ri, portant \u00e0 deux les cas de gu\u00e9rison au Maroc depuis la d\u00e9claration du premier cas de contamination au Covid-19.<\/p>\n<p class=\"c5\">Il s\u2019agit d\u2019une femme r\u00e9sidant \u00e0 Casablanca qui avait \u00e9t\u00e9 contamin\u00e9e par son \u00e9poux, a fait savoir le directeur de l\u2019\u00e9pid\u00e9miologie et de la lutte contre les maladies au minist\u00e8re de la Sant\u00e9, Mohamed El Youbi, ajoutant, ajoutant que les tests m\u00e9dicaux et cliniques ont confirm\u00e9 le r\u00e9tablissement de la patiente.<\/p>\n<p class=\"c5\">Ce cas de gu\u00e9rison est le deuxi\u00e8me apr\u00e8s l\u2019annonce du r\u00e9tablissement du Marocain provenant d\u2019Italie, qui a \u00e9t\u00e9 le premier cas confirm\u00e9 du nouveau Coronavirus au Royaume, et qui a quitt\u00e9 l\u2019h\u00f4pital le 13 mars.<\/p>\n<p class=\"c5\">Selon le site web du minist\u00e8re de la Sant\u00e9, covidmaroc.ma, la situation \u00e9pid\u00e9miologique du nouveau Coronavirus s\u2019\u00e9l\u00e8ve, jusqu\u2019\u00e0 jeudi \u00e0 14h00, \u00e0 61 cas, dont deux d\u00e9c\u00e8s et deux cas de gu\u00e9rison.<\/p>\n<\/div>\n<p>Auteur: Soufiane ELAHMAR<br \/>\n<a href=\"http:\/\/www.mapoujda.ma\/fr\/coronavirus-deuxieme-cas-de-guerison-au-maroc\/\">Cliquez ici pour lire l&rsquo;article depuis sa source.<\/a><\/p>\n","protected":false},"excerpt":{"rendered":"<p>Le minist\u00e8re de la Sant\u00e9 a annonc\u00e9, jeudi, qu\u2019une femme atteinte du Coronavirus a gu\u00e9ri, portant \u00e0 deux les cas de gu\u00e9rison au Maroc depuis la d\u00e9claration du premier cas de contamination au Covid-19. Il s\u2019agit d\u2019une femme r\u00e9sidant \u00e0 Casablanca qui avait \u00e9t\u00e9 contamin\u00e9e par son \u00e9poux, a fait savoir le directeur de l\u2019\u00e9pid\u00e9miologie [&hellip;]<\/p>\n","protected":false},"author":1788,"featured_media":79525,"comment_status":"closed","ping_status":"closed","sticky":false,"template":"","format":"standard","meta":{"fifu_image_url":"","fifu_image_alt":"","footnotes":""},"categories":[54,76],"tags":[],"class_list":["post-79524","post","type-post","status-publish","format-standard","has-post-thumbnail","hentry","category-maroc","category-regions"],"_links":{"self":[{"href":"https:\/\/linitiative.ca\/International\/wp-json\/wp\/v2\/posts\/79524","targetHints":{"allow":["GET"]}}],"collection":[{"href":"https:\/\/linitiative.ca\/International\/wp-json\/wp\/v2\/posts"}],"about":[{"href":"https:\/\/linitiative.ca\/International\/wp-json\/wp\/v2\/types\/post"}],"author":[{"embeddable":true,"href":"https:\/\/linitiative.ca\/International\/wp-json\/wp\/v2\/users\/1788"}],"replies":[{"embeddable":true,"href":"https:\/\/linitiative.ca\/International\/wp-json\/wp\/v2\/comments?post=79524"}],"version-history":[{"count":0,"href":"https:\/\/linitiative.ca\/International\/wp-json\/wp\/v2\/posts\/79524\/revisions"}],"wp:featuredmedia":[{"embeddable":true,"href":"https:\/\/linitiative.ca\/International\/wp-json\/"}],"wp:attachment":[{"href":"https:\/\/linitiative.ca\/International\/wp-json\/wp\/v2\/media?parent=79524"}],"wp:term":[{"taxonomy":"category","embeddable":true,"href":"https:\/\/linitiative.ca\/International\/wp-json\/wp\/v2\/categories?post=79524"},{"taxonomy":"post_tag","embeddable":true,"href":"https:\/\/linitiative.ca\/International\/wp-json\/wp\/v2\/tags?post=79524"}],"curies":[{"name":"wp","href":"https:\/\/api.w.org\/{rel}","templated":true}]}}