{"id":79526,"date":"2020-03-19T12:00:19","date_gmt":"2020-03-19T16:00:19","guid":{"rendered":"https:\/\/linitiative.ca\/International\/covid-19-3-nouveaux-cas-confirmes-61-au-total\/"},"modified":"2020-03-19T12:00:19","modified_gmt":"2020-03-19T16:00:19","slug":"covid-19-3-nouveaux-cas-confirmes-61-au-total","status":"publish","type":"post","link":"https:\/\/linitiative.ca\/International\/covid-19-3-nouveaux-cas-confirmes-61-au-total\/","title":{"rendered":"Covid-19: 3 nouveaux cas confirm\u00e9s, 61 au total"},"content":{"rendered":"<div class=\"single-featured\"><img alt=\"\" data-src=\"http:\/\/www.mapoujda.ma\/map\/uploads\/2020\/03\/Minist&#xE8;re-de-la-Sant&#xE9;-Marocaine-M750&#xD7;430-MAP.jpg\"\/><\/div>\n<div class=\"entry-content clearfix single-post-content\" readability=\"50\">\n<p class=\"c5\">Trois nouveaux cas confirm\u00e9s de contamination au nouveau coronavirus (Covid-19) ont \u00e9t\u00e9 enregistr\u00e9s au Maroc jeudi jusqu\u2019\u00e0 14h00, portant \u00e0 61 le nombre total de cas confirm\u00e9s dans le Royaume, annonce le minist\u00e8re de la Sant\u00e9 sur son site \u00ab\u00a0www.covidmaroc.ma\u00a0\u00bb.<\/p>\n<p class=\"c5\">Les trois nouveaux cas ont \u00e9t\u00e9 confirm\u00e9s par le laboratoire de l\u2019Institut Pasteur-Maroc et le Centre national de la grippe et des virus respiratoires relevant de l\u2019Institut d\u2019hygi\u00e8ne de Rabat, selon le minist\u00e8re qui fait savoir que les cas exclus suite \u00e0 un r\u00e9sultat n\u00e9gatif du laboratoire sont au nombre de 276.<\/p>\n<p class=\"c5\">Ces cas sont actuellement sous assistance m\u00e9dicale \u00e0 l\u2019h\u00f4pital o\u00f9 ils sont pris en charge conform\u00e9ment aux mesures sanitaires en vigueur, rassure le minist\u00e8re.<\/p>\n<p class=\"c5\">Le minist\u00e8re de la sant\u00e9 invite les citoyennes et les citoyens \u00e0 respecter les r\u00e8gles d\u2019hygi\u00e8ne et de s\u00e9curit\u00e9 sanitaire ainsi que les mesures pr\u00e9ventives prises par les autorit\u00e9s marocaines en faisant preuve de responsabilit\u00e9 et de patriotisme.<\/p>\n<\/div>\n<p>Auteur: Soufiane ELAHMAR<br \/>\n<a href=\"http:\/\/www.mapoujda.ma\/fr\/covid-19-3-nouveaux-cas-confirmes-61-au-total\/\">Cliquez ici pour lire l&rsquo;article depuis sa source.<\/a><\/p>\n","protected":false},"excerpt":{"rendered":"<p>Trois nouveaux cas confirm\u00e9s de contamination au nouveau coronavirus (Covid-19) ont \u00e9t\u00e9 enregistr\u00e9s au Maroc jeudi jusqu\u2019\u00e0 14h00, portant \u00e0 61 le nombre total de cas confirm\u00e9s dans le Royaume, annonce le minist\u00e8re de la Sant\u00e9 sur son site \u00ab\u00a0www.covidmaroc.ma\u00a0\u00bb. Les trois nouveaux cas ont \u00e9t\u00e9 confirm\u00e9s par le laboratoire de l\u2019Institut Pasteur-Maroc et le [&hellip;]<\/p>\n","protected":false},"author":1788,"featured_media":79527,"comment_status":"closed","ping_status":"closed","sticky":false,"template":"","format":"standard","meta":{"fifu_image_url":"","fifu_image_alt":"","footnotes":""},"categories":[54,76],"tags":[],"class_list":["post-79526","post","type-post","status-publish","format-standard","has-post-thumbnail","hentry","category-maroc","category-regions"],"_links":{"self":[{"href":"https:\/\/linitiative.ca\/International\/wp-json\/wp\/v2\/posts\/79526","targetHints":{"allow":["GET"]}}],"collection":[{"href":"https:\/\/linitiative.ca\/International\/wp-json\/wp\/v2\/posts"}],"about":[{"href":"https:\/\/linitiative.ca\/International\/wp-json\/wp\/v2\/types\/post"}],"author":[{"embeddable":true,"href":"https:\/\/linitiative.ca\/International\/wp-json\/wp\/v2\/users\/1788"}],"replies":[{"embeddable":true,"href":"https:\/\/linitiative.ca\/International\/wp-json\/wp\/v2\/comments?post=79526"}],"version-history":[{"count":0,"href":"https:\/\/linitiative.ca\/International\/wp-json\/wp\/v2\/posts\/79526\/revisions"}],"wp:featuredmedia":[{"embeddable":true,"href":"https:\/\/linitiative.ca\/International\/wp-json\/"}],"wp:attachment":[{"href":"https:\/\/linitiative.ca\/International\/wp-json\/wp\/v2\/media?parent=79526"}],"wp:term":[{"taxonomy":"category","embeddable":true,"href":"https:\/\/linitiative.ca\/International\/wp-json\/wp\/v2\/categories?post=79526"},{"taxonomy":"post_tag","embeddable":true,"href":"https:\/\/linitiative.ca\/International\/wp-json\/wp\/v2\/tags?post=79526"}],"curies":[{"name":"wp","href":"https:\/\/api.w.org\/{rel}","templated":true}]}}