{"id":79530,"date":"2020-03-19T05:20:00","date_gmt":"2020-03-19T09:20:00","guid":{"rendered":"https:\/\/linitiative.ca\/International\/benjelloun-soutient-le-fonds-anti-virus\/"},"modified":"2020-03-19T05:20:00","modified_gmt":"2020-03-19T09:20:00","slug":"benjelloun-soutient-le-fonds-anti-virus","status":"publish","type":"post","link":"https:\/\/linitiative.ca\/International\/benjelloun-soutient-le-fonds-anti-virus\/","title":{"rendered":"Benjelloun soutient le Fonds anti-virus"},"content":{"rendered":"<div class=\"author\" readability=\"5.69491525424\">Par <a href=\"\/content\/nadia-salah\">Nadia SALAH<\/a> <a href=\"\/node\/\"> <\/a> | Edition N\u00b0:5721 Le 18\/03\/2020 | Partager <\/div>\n<div class=\"body\">\n<div class=\"field field-name-body field-type-text-with-summary field-label-hidden\">\n<div class=\"field-items\" readability=\"9.5\">\n<div class=\"field-item even\" property=\"content:encoded\" readability=\"14\">\n<p class=\"rtejustify\">Othman Benjelloun, pr\u00e9sident de Bank Of Africa annonce ce mardi matin une forte contribution au fonds de soutien. \u00abApr\u00e8s concertation avec les principaux actionnaires\u00bb, le pr\u00e9sident a d\u00e9cid\u00e9 de consacrer le r\u00e9sultat consolid\u00e9 et avant imp\u00f4t,\u00a0 du premier trimestre, au fonds cr\u00e9\u00e9 pour soutenir les entreprises.<\/p>\n<p><em>N.S.<\/em><\/p>\n<\/div>\n<\/div>\n<\/div>\n<\/div>\n<div class=\"eco-conseil\">\n<div class=\"view view-eco-conseil-16 view-id-eco_conseil_16 view-display-id-cookies view-dom-id-345d1297c11d3e6d51405aeae2763dd2\">\n<div class=\"view-content\">\n<div id=\"views-bootstrap-grid-1\" class=\"views-bootstrap-grid-plugin-style\">\n<div class=\"row\">\n<div class=\" col-xs-12 col-lg-4\">\n<div class=\"row\">\n<div class=\"col col-xs-12 col-lg-12\">\n<div class=\"field-content\"><a href=\"\/article\/1058954-l-agence-urbaine-de-casablanca-services-le-net\"><img loading=\"lazy\" decoding=\"async\" class=\"img-responsive\" typeof=\"foaf:Image\" src=\"https:\/\/www.leconomiste.com\/sites\/default\/files\/eco7\/public\/styles\/800x400\/public\/default_images\/default_une.jpg?itok=4jZlgnIZ\" width=\"660\" height=\"330\" alt=\"\"\/><\/a><\/div>\n<\/div>\n<div class=\" title_suite_2 col col-xs-12 col-lg-12\"> <a href=\"\/article\/1058954-l-agence-urbaine-de-casablanca-services-le-net\"\/><span class=\"field-content\">L&rsquo;Agence urbaine de Casablanca: Services via le net<\/span><\/div>\n<\/div>\n<\/div>\n<div class=\" col-xs-12 col-lg-4\">\n<div class=\"row\">\n<div class=\"col col-xs-12 col-lg-12\">\n<div class=\"field-content\"><a href=\"\/article\/1058953-cnops-quelles-alternatives-apres-la-suspension-de-l-accueil\"><img loading=\"lazy\" decoding=\"async\" class=\"img-responsive\" typeof=\"foaf:Image\" src=\"https:\/\/www.leconomiste.com\/sites\/default\/files\/eco7\/public\/styles\/800x400\/public\/default_images\/default_une.jpg?itok=4jZlgnIZ\" width=\"660\" height=\"330\" alt=\"\"\/><\/a><\/div>\n<\/div>\n<div class=\" title_suite_2 col col-xs-12 col-lg-12\"> <a href=\"\/article\/1058953-cnops-quelles-alternatives-apres-la-suspension-de-l-accueil\"\/><span class=\"field-content\">CNOPS: Quelles alternatives apr\u00e8s la suspension de l\u2019accueil<\/span><\/div>\n<\/div>\n<\/div>\n<div class=\" col-xs-12 col-lg-4\">\n<div class=\"row\">\n<div class=\"col col-xs-12 col-lg-12\">\n<div class=\"field-content\"><a href=\"\/article\/1058952-energie-un-comite-veille-sur-l-approvisionnement\"><img loading=\"lazy\" decoding=\"async\" class=\"img-responsive\" typeof=\"foaf:Image\" src=\"https:\/\/www.leconomiste.com\/sites\/default\/files\/eco7\/public\/styles\/800x400\/public\/default_images\/default_une.jpg?itok=4jZlgnIZ\" width=\"660\" height=\"330\" alt=\"\"\/><\/a><\/div>\n<\/div>\n<div class=\" title_suite_2 col col-xs-12 col-lg-12\"> <a href=\"\/article\/1058952-energie-un-comite-veille-sur-l-approvisionnement\"\/><span class=\"field-content\">Energie: Un comit\u00e9 veille sur l\u2019approvisionnement<\/span><\/div>\n<\/div>\n<\/div>\n<\/div>\n<\/div>\n<\/div>\n<\/div>\n<\/div>\n<p>Auteur: hlafriqi<br \/>\n<a href=\"https:\/\/www.leconomiste.com\/article\/1058943-benjelloun-soutient-le-fonds-anti-virus\">Cliquez ici pour lire l&rsquo;article depuis sa source.<\/a><\/p>\n","protected":false},"excerpt":{"rendered":"<p>Par Nadia SALAH | Edition N\u00b0:5721 Le 18\/03\/2020 | Partager Othman Benjelloun, pr\u00e9sident de Bank Of Africa annonce ce mardi matin une forte contribution au fonds de soutien. \u00abApr\u00e8s concertation avec les principaux actionnaires\u00bb, le pr\u00e9sident a d\u00e9cid\u00e9 de consacrer le r\u00e9sultat consolid\u00e9 et avant imp\u00f4t,\u00a0 du premier trimestre, au fonds cr\u00e9\u00e9 pour soutenir les [&hellip;]<\/p>\n","protected":false},"author":1763,"featured_media":0,"comment_status":"closed","ping_status":"closed","sticky":false,"template":"","format":"standard","meta":{"fifu_image_url":"","fifu_image_alt":"","footnotes":""},"categories":[78,54],"tags":[],"class_list":["post-79530","post","type-post","status-publish","format-standard","hentry","category-economie","category-maroc"],"_links":{"self":[{"href":"https:\/\/linitiative.ca\/International\/wp-json\/wp\/v2\/posts\/79530","targetHints":{"allow":["GET"]}}],"collection":[{"href":"https:\/\/linitiative.ca\/International\/wp-json\/wp\/v2\/posts"}],"about":[{"href":"https:\/\/linitiative.ca\/International\/wp-json\/wp\/v2\/types\/post"}],"author":[{"embeddable":true,"href":"https:\/\/linitiative.ca\/International\/wp-json\/wp\/v2\/users\/1763"}],"replies":[{"embeddable":true,"href":"https:\/\/linitiative.ca\/International\/wp-json\/wp\/v2\/comments?post=79530"}],"version-history":[{"count":0,"href":"https:\/\/linitiative.ca\/International\/wp-json\/wp\/v2\/posts\/79530\/revisions"}],"wp:attachment":[{"href":"https:\/\/linitiative.ca\/International\/wp-json\/wp\/v2\/media?parent=79530"}],"wp:term":[{"taxonomy":"category","embeddable":true,"href":"https:\/\/linitiative.ca\/International\/wp-json\/wp\/v2\/categories?post=79530"},{"taxonomy":"post_tag","embeddable":true,"href":"https:\/\/linitiative.ca\/International\/wp-json\/wp\/v2\/tags?post=79530"}],"curies":[{"name":"wp","href":"https:\/\/api.w.org\/{rel}","templated":true}]}}