{"id":79535,"date":"2020-03-19T15:14:07","date_gmt":"2020-03-19T19:14:07","guid":{"rendered":"https:\/\/linitiative.ca\/International\/ligue-1-2-et-si-le-championnat-ne-reprenait-pas\/"},"modified":"2020-03-19T15:14:07","modified_gmt":"2020-03-19T19:14:07","slug":"ligue-1-2-et-si-le-championnat-ne-reprenait-pas","status":"publish","type":"post","link":"https:\/\/linitiative.ca\/International\/ligue-1-2-et-si-le-championnat-ne-reprenait-pas\/","title":{"rendered":"Ligue 1 &amp; 2 : Et si le championnat ne reprenait pas ?"},"content":{"rendered":"<div readability=\"32\">\n<p>Auteur : <span>Hamza R.<\/span> <span class=\"time\">jeudi 19 mars 2020 10:33<\/span><\/p>\n<\/div>\n<div id=\"post_core\" readability=\"143\">\n<p>Le dimanche 15 mars, dans l\u2019apr\u00e8s-midi, la Ligue de football professionnel a annonc\u00e9 l\u2019arr\u00eat momentan\u00e9 du championnat professionnel dans ses deux paliers, dans un communiqu\u00e9 de presse : \u00ab Suite aux recommandations de M. le Pr\u00e9sident de la R\u00e9publique, Abdelmadjid Tebboune et l\u2019instruction de M. le Ministre de la Jeunesse et des Sports dans le cadre de la pr\u00e9vention et de la lutte contre l\u2019\u00e9pid\u00e9mie du coronavirus, la Ligue de Football Professionnel informe les clubs qu\u2019elle a annul\u00e9 toute sa programmation concernant les rencontres Seniors et R\u00e9serves du championnat professionnel de Ligue 1 et de Ligue 2. La d\u00e9cision prend effet \u00e0 partir du 16 mars jusqu\u2019au 5 avril 2020. La F\u00e9d\u00e9ration Alg\u00e9rienne de Football a adress\u00e9 ce dimanche une correspondance \u00e0 toutes les ligues dans laquelle elle leur demande de surseoir \u00e0 la programmation de toutes les manifestations sportives, toutes cat\u00e9gories, durant la p\u00e9riode cit\u00e9e. Signalons que la LFP avait programm\u00e9 pour ce lundi deux matches comptant pour la Ligue 1 (PAC &#8211; CRB et USMBA &#8211; ASO Chlef) et deux autres rencontres de Ligue 2 (ABS &#8211; USM Annaba et ASM Oran &#8211; USM El Harrach) \u00bb. En effet, la FAF n\u2019a fait qu\u2019appliquer les d\u00e9cisions du MJS. Ainsi, tous les championnats sont annul\u00e9s jusqu\u2019au 5 avril. Dans le milieu sportif et pr\u00e9cis\u00e9ment le milieu footballistique, on se demande quelle issue conna\u00eetront les championnats, notamment la Ligue 1 et la Ligue 2 o\u00f9 l\u2019enjeu est \u00e9norme concernant le titre de champion, les participations africaines, la rel\u00e9gation et l\u2019accession, surtout lorsqu\u2019on sait qu\u2019il y aura un changement de format des comp\u00e9titions \u00e0 partir du prochain exercice. Une question qui revient sur toutes les l\u00e8vres, mais qui demeure sans r\u00e9ponse officielle dans la mesure o\u00f9 aucun responsable de notre football ne s\u2019y est prononc\u00e9.<br \/><strong>Du c\u00f4t\u00e9 de \u00e0 la FAF, on a pris toutes les mesures<\/strong><br \/>Mais en coulisses, on apprend que du c\u00f4t\u00e9 de la f\u00e9d\u00e9ration, on travaille sur cette hypoth\u00e8se dans le but de trouver une issue \u00e0 cette solution, tout en respectant l\u2019\u00e9thique sportive. Tout d\u2019abord, il faudra savoir que cette situation d\u00e9licate n\u2019est pas mentionn\u00e9e dans les r\u00e8glements g\u00e9n\u00e9raux de notre football. L\u2019article 134 du r\u00e8glement du championnat professionnel indique le cas de force majeur, ce qui est le cas aujourd\u2019hui : \u00ab Les cas de force majeure sont des \u00e9v\u00e9nements impr\u00e9visibles et irr\u00e9sistibles, tels que notamment : accident entra\u00eenant de graves dommages, catastrophes naturelles ou intemp\u00e9ries. Toutes ces causes devront \u00eatre d\u00fbment justifi\u00e9es devant l\u2019organe juridictionnel concern\u00e9 \u00bb. Par contre, l\u2019article 135 \u00e9voque les cas non pr\u00e9vus dans le r\u00e8glement : \u00ab Les cas non pr\u00e9vus par le pr\u00e9sent r\u00e8glement seront trait\u00e9s conform\u00e9ment aux dispositions pr\u00e9vues par les r\u00e8glements de la CAF et de la FIFA \u00bb. \u00a0<br \/><strong>La d\u00e9cision finale sera prise par le BF<\/strong><br \/>Ainsi, \u00e0 la f\u00e9d\u00e9ration et selon une source autoris\u00e9e, on a pris en compte ce qu\u2019indiquent les deux articles r\u00e9glementaires, dans le but de ne pas bafouer l\u2019\u00e9thique sportive. Notre source nous indique que la d\u00e9cision finale sera prise par le Bureau f\u00e9d\u00e9ral, tel que l\u2019indique l\u2019article 36 des statuts de la FAF : \u00ab Le Bureau f\u00e9d\u00e9ral est le seul organe qui peut se prononcer quant \u00e0 l\u2019avenir des championnats et notamment la Ligue 1 et Ligue 2. C\u2019est un organe ex\u00e9cutif. Les statuts de la FAF qui ont \u00e9t\u00e9 valid\u00e9s par la FIFA, donnent le plein pouvoir \u00e0 cet organe ex\u00e9cutif \u00bb. L\u2019article 36 des statuts de la FAF d\u00e9finit bien le r\u00f4le du Bureau f\u00e9d\u00e9ral et lui accorde surtout le plein pouvoir : \u00ab La comp\u00e9tence du Bureau f\u00e9d\u00e9ral est de veiller au respect de l\u2019\u00e9thique sportive et des r\u00e8glements sportifs en prenant toute mesure destin\u00e9e \u00e0 leur pr\u00e9servation, de veiller au respect des dispositions du r\u00e8glement int\u00e9rieur, d\u2019\u00e9laborer le calendrier op\u00e9rationnel des manifestations et comp\u00e9titions sportives, de veiller au respect de sa mise en \u0153uvre et d\u2019assurer son suivi \u00bb. L\u2019article 36 des statuts de la FAF autorise aussi le BF \u00e0 statuer concernant les cas non pr\u00e9vus par le r\u00e8glement, ce qui est le point le plus important : \u00ab La comp\u00e9tence du BF est de d\u00e9cider de toutes les questions relatives \u00e0 des cas non pr\u00e9vus par les pr\u00e9sents statuts et par le r\u00e8glement \u00bb.<br \/><strong>Le BF veut que le champion soit d\u00e9cid\u00e9 sur le terrain\u2026 Et le championnat reprendra d\u00e8s que possible<\/strong><br \/>Selon notre source, le Bureau f\u00e9d\u00e9ral penche vers la reprise du championnat d\u00e8s que la situation le permettra, dans le but d\u2019\u00e9viter toute sorte de pol\u00e9mique et laisser le champion remporter le sacre haut la main sur le terrain, et non pas en \u00e9tant d\u00e9sign\u00e9. Notre source r\u00e9v\u00e8le que le championnat devrait reprendre le 5 avril si la situation s\u2019am\u00e9liore, sinon il y aura un autre report jusqu\u2019\u00e0 ce que la situation change. C\u2019est d\u2019ailleurs, l\u2019avis de plusieurs membres du Bureau f\u00e9d\u00e9ral que nous avons eus hier au bout du fil. Il y a eu d\u00e9j\u00e0 des cas similaires o\u00f9 la f\u00e9d\u00e9ration a pench\u00e9 sur la reprise du championnat et c\u2019est ce qui va se passer cette saison aussi.\u00a0 \u00a0<br \/><strong>Saison 1991\/1992 : Le championnat s\u2019arr\u00eate \u00e0 cause de l\u2019assassinat de Boudiaf\u2026 puis reprend en septembre<\/strong><br \/>Ainsi, la FAF compte agir de la m\u00eame mani\u00e8re que lors des ann\u00e9es 1990 o\u00f9 la conjoncture du pays ne permettait pas de poursuivre l\u2019exercice. Autrement dit, ce n\u2019est pas la premi\u00e8re fois qu\u2019on se trouve confront\u00e9 \u00e0 une telle situation. Lors de la saison 1991\/1992, la 25e journ\u00e9e de la premi\u00e8re division s\u2019est d\u00e9roul\u00e9e le plus normalement du monde le 18 juin 1992. Quelques jours apr\u00e8s s\u2019\u00e9tait d\u00e9roul\u00e9e la finale de la coupe d\u2019Alg\u00e9rie \u00e0 Oran entre la JSK et l\u2019ASO Chlef et le championnat devrait reprendre la fin juin. Sauf que le 29 juin 1992, le pr\u00e9sident du Haut Comit\u00e9 d\u2019Etat, le d\u00e9funt Mohamed Boudiaf f\u00fbt assassin\u00e9. Premi\u00e8re d\u00e9cision de la FAF, suspension du championnat alors qu\u2019on \u00e9tait \u00e0 la 25e journ\u00e9e et la reprise a eu lieu le 3 septembre pour terminer les cinq derni\u00e8res journ\u00e9es, qui ont vu le MC Oran remporter le titre.<br \/><strong>1992\/1993 : Le championnat s\u2019arr\u00eate en mai puis reprend fin ao\u00fbt \u00e0 cause de l\u2019ins\u00e9curit\u00e9<\/strong><br \/>Et l\u2019histoire s\u2019est r\u00e9p\u00e9t\u00e9e une saison plus tard \u00e0 cause du climat d\u2019ins\u00e9curit\u00e9 qui r\u00e9gnait dans le pays. La FAF a pris la d\u00e9cision d\u2019arr\u00eater le championnat le 20 mai 1993 \u00e0 l\u2019issue de la 23e journ\u00e9e. Il reprend le 26 ao\u00fbt et les sept derni\u00e8res journ\u00e9es ont \u00e9t\u00e9 disput\u00e9es et, encore une fois, le MC Oran a remport\u00e9 le titre. Dans les deux cas, la FAF n\u2019a jamais d\u00e9sign\u00e9 le champion comme le pr\u00e9tendent beaucoup.<br \/>\u00a0<\/p>\n<p><strong>La FAF va opter pour la solution logique<br \/>Le CRB ne sera pas d\u00e9clar\u00e9 champion<\/strong><\/p>\n<p>Ainsi, d\u2019une source officielle, le CR Belouizdad ne sera jamais d\u00e9clar\u00e9 champion, sauf s\u2019il remporte son titre sur le terrain. L\u2019information est officielle, comme nous l\u2019a confirm\u00e9 une source autoris\u00e9e \u00e0 la f\u00e9d\u00e9ration. Du coup, la FAF va opter pour l\u2019option la plus logique, la plus nette et la plus propre. Certains n\u2019ont pas manqu\u00e9 l\u2019occasion de lier le fait que le Chabab ait termin\u00e9 la phase aller en tant que champion d\u2019automne pour qu\u2019il soit d\u00e9clar\u00e9 champion d\u2019Alg\u00e9rie pour l\u2019exercice 2019\/2020. Chose que la FAF refuse cat\u00e9goriquement lorsqu\u2019on sait qu\u2019il reste encore huit journ\u00e9es \u00e0 disputer. Pis encore, pour le CRB et son concurrent, le MCA, les deux \u00e9quipes ont neuf matchs \u00e0 disputer encore et avec un \u00e9cart de trois points seulement entre les deux clubs.\u00a0 \u00a0<\/p>\n<p><strong>Le MCA, l\u2019ESS et la JSK, des concurrents directs<\/strong><br \/>Autre point important, c\u2019est que le CRB est en concurrence f\u00e9roce avec deux clubs, le MC Alger et l\u2019ES S\u00e9tif, et m\u00eame la JSK, mais \u00e0 un degr\u00e9 moindre. Tous sont des concurrents et veulent remporter le titre. Donc, le CRB ne pourra en aucun cas \u00eatre champion, sauf s\u2019il le remporte sur le terrain. Et cela a pes\u00e9 lourd dans la balance pour les membres du Bureau f\u00e9d\u00e9ral. Ce serait une d\u00e9cision injuste d\u2019annoncer le champion de cette mani\u00e8re.\u00a0 \u00a0<\/p>\n<p><strong>Liverpool, le seul club au monde qui peut \u00eatre d\u00e9clar\u00e9 champion<\/strong><br \/>Ce n\u2019est qu\u2019en Angleterre o\u00f9 le champion peut \u00eatre annonc\u00e9 au vu du nombre important de points qui le s\u00e9pare de son dauphin. Il s\u2019agit de Liverpool qui totalise 25 points d\u2019avance sur Manchester City \u00e0 neuf journ\u00e9es de la fin. Bien que math\u00e9matiquement, il ne lui manque que trois points, soit une seule victoire sur le terrain pour \u00eatre officiellement champion. Sinon, on ne peut jamais d\u00e9signer un champion avant la fin.<\/p>\n<p><strong>Medouar \u00ab C\u2019est encore t\u00f4t pour \u00e9voquer cette situation \u00bb<\/strong><\/p>\n<p>Joint par nos soins, le pr\u00e9sident de la Ligue de football professionnel a \u00e9voqu\u00e9 : \u00ab Pour nous \u00e0 la Ligue ou \u00e0 la FAF, il est encore t\u00f4t pour \u00e9voquer une telle situation. Pour nous, c\u2019est vraiment pr\u00e9matur\u00e9. Je pense qu\u2019on n\u2019en est pas encore l\u00e0 pour pouvoir en parler \u00bb.<\/p>\n<p><strong>\u00ab On a pr\u00e9vu la reprise pour le 5 avril, mais apr\u00e8s on verra \u00bb<\/strong><br \/>Pour le pr\u00e9sident de la LFP, la reprise du championnat est fix\u00e9e pour le 5 avril selon les directives des hautes autorit\u00e9s du pays : \u00ab Pour nous, le championnat va reprendre le 5 avril prochain, suivant la note du MJS et les d\u00e9cisions des hautes autorit\u00e9s du pays. Maintenant, si la situation ne permet pas encore la reprise du championnat, on verra ce qu\u2019il y a lieu de faire \u00bb.<br \/>\u00a0<\/p>\n<p><strong>Publi\u00e9 dans :<\/strong> <span>Boudiaf<\/span> <span>Actualit\u00e9<\/span><\/p>\n<\/div>\n<p>Auteur:<br \/>\n<a href=\"http:\/\/www.lebuteur.com\/article\/detail?titre=et-si-le-championnat-ne-reprenait-pas&#038;id=95352&#038;utm_source=feedburner&#038;utm_medium=feed&#038;utm_campaign=Feed%3A+GalerieFArtciles+%28Les+derniers+articles++-+lebuteur.com%29\">Cliquez ici pour lire l&rsquo;article depuis sa source.<\/a><\/p>\n","protected":false},"excerpt":{"rendered":"<p>Auteur : Hamza R. jeudi 19 mars 2020 10:33 Le dimanche 15 mars, dans l\u2019apr\u00e8s-midi, la Ligue de football professionnel a annonc\u00e9 l\u2019arr\u00eat momentan\u00e9 du championnat professionnel dans ses deux paliers, dans un communiqu\u00e9 de presse : \u00ab Suite aux recommandations de M. le Pr\u00e9sident de la R\u00e9publique, Abdelmadjid Tebboune et l\u2019instruction de M. le [&hellip;]<\/p>\n","protected":false},"author":1738,"featured_media":79536,"comment_status":"closed","ping_status":"closed","sticky":false,"template":"","format":"standard","meta":{"fifu_image_url":"","fifu_image_alt":"","footnotes":""},"categories":[53,75],"tags":[],"class_list":["post-79535","post","type-post","status-publish","format-standard","has-post-thumbnail","hentry","category-algerie","category-sport"],"_links":{"self":[{"href":"https:\/\/linitiative.ca\/International\/wp-json\/wp\/v2\/posts\/79535","targetHints":{"allow":["GET"]}}],"collection":[{"href":"https:\/\/linitiative.ca\/International\/wp-json\/wp\/v2\/posts"}],"about":[{"href":"https:\/\/linitiative.ca\/International\/wp-json\/wp\/v2\/types\/post"}],"author":[{"embeddable":true,"href":"https:\/\/linitiative.ca\/International\/wp-json\/wp\/v2\/users\/1738"}],"replies":[{"embeddable":true,"href":"https:\/\/linitiative.ca\/International\/wp-json\/wp\/v2\/comments?post=79535"}],"version-history":[{"count":0,"href":"https:\/\/linitiative.ca\/International\/wp-json\/wp\/v2\/posts\/79535\/revisions"}],"wp:featuredmedia":[{"embeddable":true,"href":"https:\/\/linitiative.ca\/International\/wp-json\/"}],"wp:attachment":[{"href":"https:\/\/linitiative.ca\/International\/wp-json\/wp\/v2\/media?parent=79535"}],"wp:term":[{"taxonomy":"category","embeddable":true,"href":"https:\/\/linitiative.ca\/International\/wp-json\/wp\/v2\/categories?post=79535"},{"taxonomy":"post_tag","embeddable":true,"href":"https:\/\/linitiative.ca\/International\/wp-json\/wp\/v2\/tags?post=79535"}],"curies":[{"name":"wp","href":"https:\/\/api.w.org\/{rel}","templated":true}]}}