{"id":79537,"date":"2020-03-19T15:14:09","date_gmt":"2020-03-19T19:14:09","guid":{"rendered":"https:\/\/linitiative.ca\/International\/equipe-dalgerie-zetchi-jappelle-tous-les-algeriens-a-lunion-pour-combattre-le-coronavirus\/"},"modified":"2020-03-19T15:14:09","modified_gmt":"2020-03-19T19:14:09","slug":"equipe-dalgerie-zetchi-jappelle-tous-les-algeriens-a-lunion-pour-combattre-le-coronavirus","status":"publish","type":"post","link":"https:\/\/linitiative.ca\/International\/equipe-dalgerie-zetchi-jappelle-tous-les-algeriens-a-lunion-pour-combattre-le-coronavirus\/","title":{"rendered":"Equipe d&rsquo;Alg\u00e9rie : Zetchi \u00abJ\u2019appelle tous les Alg\u00e9riens \u00e0 l\u2019union pour combattre le Coronavirus\u00bb"},"content":{"rendered":"<div readability=\"32\">\n<p>Auteur : <span class=\"time\">jeudi 19 mars 2020 10:37<\/span><\/p>\n<\/div>\n<div id=\"post_core\" readability=\"42\">\n<p>Le pr\u00e9sident de la F\u00e9d\u00e9ration alg\u00e9rienne de football,\u00a0 Kheireddine Zetchi, s\u2019est exprim\u00e9 sur la cha\u00eene publique nationale l\u2019ENTV o\u00f9 il a pass\u00e9 des messages \u00e0 l\u2019adresse des citoyens. Le patron de la f\u00e9d\u00e9 a appel\u00e9 les Alg\u00e9riens \u00e0 l\u2019union et de contribuer chacun \u00e0 sa fa\u00e7on pour combattre l\u2019\u00e9pid\u00e9mie du Coronavirus.\u00a0 Zetchi a insist\u00e9 sur la pr\u00e9servation de la sant\u00e9 des personnes \u00e2g\u00e9es qui demeurent souvent la frange la plus vuln\u00e9rable face au COVID-19 : \u00abEn tant que citoyen alg\u00e9rien, je souhaite l\u2019union de tous les Alg\u00e9riens pour faire face \u00e0 cette \u00e9pid\u00e9mie du Coronavirus. Je demande \u00e0 tout le monde, surtout aux jeunes, de s\u2019unir pour pr\u00e9server la sant\u00e9 des personnes \u00e2g\u00e9es, notamment les p\u00e8res et les m\u00e8res, qui demeurent souvent la frange la plus vuln\u00e9rable face au COVID-19. On doit \u00eatre conscients de la gravit\u00e9 de la situation afin de mieux se prot\u00e9ger. On doit s\u2019unir pour combattre cette \u00e9pid\u00e9mie comme une seule famille. Que Dieu le Tout Puissant nous prot\u00e8ge inch\u2019Allah.\u00bb \u00a0<\/p>\n<p><strong>Publi\u00e9 dans :<\/strong> <span>Zetchi<\/span><\/p>\n<\/div>\n<p>Auteur:<br \/>\n<a href=\"http:\/\/www.lebuteur.com\/article\/detail?titre=zetchi-jappelle-tous-les-algeriens-a-lunion-pour-combattre-le-coronavirus&#038;id=95358&#038;utm_source=feedburner&#038;utm_medium=feed&#038;utm_campaign=Feed%3A+GalerieFArtciles+%28Les+derniers+articles++-+lebuteur.com%29\">Cliquez ici pour lire l&rsquo;article depuis sa source.<\/a><\/p>\n","protected":false},"excerpt":{"rendered":"<p>Auteur : jeudi 19 mars 2020 10:37 Le pr\u00e9sident de la F\u00e9d\u00e9ration alg\u00e9rienne de football,\u00a0 Kheireddine Zetchi, s\u2019est exprim\u00e9 sur la cha\u00eene publique nationale l\u2019ENTV o\u00f9 il a pass\u00e9 des messages \u00e0 l\u2019adresse des citoyens. Le patron de la f\u00e9d\u00e9 a appel\u00e9 les Alg\u00e9riens \u00e0 l\u2019union et de contribuer chacun \u00e0 sa fa\u00e7on pour combattre [&hellip;]<\/p>\n","protected":false},"author":1738,"featured_media":79538,"comment_status":"closed","ping_status":"closed","sticky":false,"template":"","format":"standard","meta":{"fifu_image_url":"","fifu_image_alt":"","footnotes":""},"categories":[53,75],"tags":[],"class_list":["post-79537","post","type-post","status-publish","format-standard","has-post-thumbnail","hentry","category-algerie","category-sport"],"_links":{"self":[{"href":"https:\/\/linitiative.ca\/International\/wp-json\/wp\/v2\/posts\/79537","targetHints":{"allow":["GET"]}}],"collection":[{"href":"https:\/\/linitiative.ca\/International\/wp-json\/wp\/v2\/posts"}],"about":[{"href":"https:\/\/linitiative.ca\/International\/wp-json\/wp\/v2\/types\/post"}],"author":[{"embeddable":true,"href":"https:\/\/linitiative.ca\/International\/wp-json\/wp\/v2\/users\/1738"}],"replies":[{"embeddable":true,"href":"https:\/\/linitiative.ca\/International\/wp-json\/wp\/v2\/comments?post=79537"}],"version-history":[{"count":0,"href":"https:\/\/linitiative.ca\/International\/wp-json\/wp\/v2\/posts\/79537\/revisions"}],"wp:featuredmedia":[{"embeddable":true,"href":"https:\/\/linitiative.ca\/International\/wp-json\/"}],"wp:attachment":[{"href":"https:\/\/linitiative.ca\/International\/wp-json\/wp\/v2\/media?parent=79537"}],"wp:term":[{"taxonomy":"category","embeddable":true,"href":"https:\/\/linitiative.ca\/International\/wp-json\/wp\/v2\/categories?post=79537"},{"taxonomy":"post_tag","embeddable":true,"href":"https:\/\/linitiative.ca\/International\/wp-json\/wp\/v2\/tags?post=79537"}],"curies":[{"name":"wp","href":"https:\/\/api.w.org\/{rel}","templated":true}]}}