{"id":79539,"date":"2020-03-19T15:14:11","date_gmt":"2020-03-19T19:14:11","guid":{"rendered":"https:\/\/linitiative.ca\/International\/ligue-1-2-ezzemani-il-faut-faire-tres-attention-a-ce-virus-meme-si-cest-une-question-de-mektoub\/"},"modified":"2020-03-19T15:14:11","modified_gmt":"2020-03-19T19:14:11","slug":"ligue-1-2-ezzemani-il-faut-faire-tres-attention-a-ce-virus-meme-si-cest-une-question-de-mektoub","status":"publish","type":"post","link":"https:\/\/linitiative.ca\/International\/ligue-1-2-ezzemani-il-faut-faire-tres-attention-a-ce-virus-meme-si-cest-une-question-de-mektoub\/","title":{"rendered":"Ligue 1 &amp; 2 : Ezzemani \u00abIl faut faire tr\u00e8s attention \u00e0 ce virus m\u00eame si c\u2019est une question de Mektoub\u00bb"},"content":{"rendered":"<div readability=\"32\">\n<p>Auteur : <span>Amine L.<\/span> <span class=\"time\">jeudi 19 mars 2020 10:39<\/span><\/p>\n<\/div>\n<div id=\"post_core\" readability=\"105\">\n<p>L\u2019arri\u00e8re gauche des Hamraoua, Mohamed Ezzemani, affirme que l\u2019arr\u00eat du championnat est tomb\u00e9 au mauvais moment pour lui car il voulait encha\u00eener les matches apr\u00e8s avoir repris la comp\u00e9tition face \u00e0 l\u2019USM Alger. Il nous livre aussi ses impressions au sujet de ce virus Corona.<\/p>\n<p><strong>Vous avez entam\u00e9 ce repos forc\u00e9 sur une mauvaise note qui est la lourde d\u00e9faite conc\u00e9d\u00e9e face \u00e0 l\u2019USMA. Avez du recul, peut-on savoir r\u00e9ellement ce qui s\u2019est pass\u00e9 pour votre \u00e9quipe au cours de ce match ?<\/strong><br \/>Je dirai que c\u2019est le score en lui-m\u00eame qui est regrettable car la d\u00e9faite fait partie du monde du football. Mais il est vraiment regrettable de perdre sur ce score qui ne refl\u00e8te absolument pas la physionomie du match car on a bien jou\u00e9 en premi\u00e8re p\u00e9riode. On a eu l\u2019avantage d\u2019\u00e9galiser avant de rejoindre les vestiaires mais le d\u00e9but catastrophique de cette seconde p\u00e9riode a chang\u00e9 la donne en faveur de l\u2019USMA.<\/p>\n<p><strong>Justement, comment expliquez-vous ces erreurs commises en d\u00e9fense ?<\/strong><br \/>Je pense que ce second but encaiss\u00e9 un peu t\u00f4t nous a coup\u00e9 les jambes car par la suite on a flanch\u00e9 surtout sur le plan psychologique. C\u2019\u00e9tait difficile d\u2019aller encore courir derri\u00e8re le score. Il est tout \u00e0 fait normal qu\u2019on laisse des espaces derri\u00e8re qui ont \u00e9t\u00e9 profitables \u00e0 l\u2019USMA. Maintenant, le match est termin\u00e9. C\u2019est toute l\u2019\u00e9quipe qui doit assumer la responsabilit\u00e9 pas seulement un joueur ou un secteur particulier.<\/p>\n<p><strong>Mais c\u2019est la d\u00e9fense qui est mise \u00e0 l\u2019index\u2026<\/strong><br \/>On parle de la d\u00e9fense car on a encaiss\u00e9 quatre buts. C\u2019est normal mais dans le football moderne, une \u00e9quipe \u00e9volue en bloc. Si on marque, c\u2019est gr\u00e2ce \u00e0 toute l\u2019\u00e9quipe et si on encaisse, c\u2019est aussi le groupe qui doit assumer sa responsabilit\u00e9. Me concernant, je ne vais pas chercher des pr\u00e9textes car je sais comment les gens r\u00e9agissent. Donc, en tant que joueur, j\u2019assume moi aussi m\u00eame si je ne suis pas impliqu\u00e9 directement.<\/p>\n<p><strong>Comment vous \u00eates-vous senti apr\u00e8s une absence qui a dur\u00e9 depuis le match de la Coupe d\u2019Alg\u00e9rie face au WAB ?<\/strong><br \/>\u00c9coutez, j\u2019ai attendu la huiti\u00e8me journ\u00e9e de la phase aller pour faire ma premi\u00e8re apparition. C\u2019\u00e9tait face au CABBA \u00e0 l\u2019ext\u00e9rieur. J\u2019ai pu int\u00e9grer l\u2019\u00e9quipe le plus normalement du monde. La preuve, le staff technique m\u2019a fait jouer toutes les rencontres par la suite. Donc, ce n\u2019est pas cette p\u00e9riode entre le match de la Coupe d\u2019Alg\u00e9rie et celui de l\u2019USMA qui va couper mon \u00e9lan. Je me suis senti le plus normalement du monde. Je vais vous dire pourquoi.<\/p>\n<p><strong>Pourquoi ?<\/strong><br \/>Quand je reste sur le banc, je suis le type de joueur \u00e0 redoubler d\u2019efforts aux entra\u00eenements. J\u2019ai un r\u00e9gime de vie irr\u00e9prochable qui me laisse toujours au top physiquement. Certes, rien ne remplace la comp\u00e9tition officielle mais croyez-moi, je me comporte en dehors du terrain en professionnel aussi bien sur le plan de la r\u00e9cup\u00e9ration que de la nutrition. \u00a0<\/p>\n<p><strong>Sur le plan personnel, l\u2019arr\u00eat du championnat ne vous a pas \u00e9t\u00e9 favorable, n\u2019est-ce pas ?<\/strong><br \/>Que voulez-vous que je vous dise ? Reprendre la comp\u00e9tition apr\u00e8s une absence d\u2019un mois est la meilleure chose qui puisse vous arriver \u00e0 condition d\u2019encha\u00eener les matches. Maintenant, des circonstances particuli\u00e8res ont fait que le championnat soit suspendu. On est oblig\u00e9s de s\u2019adapter \u00e0 cette situation.<\/p>\n<p><strong>Comment allez-vous g\u00e9rer cette p\u00e9riode de tr\u00eave caus\u00e9e par la propagation du virus Corona ?<\/strong><br \/>D\u00e9j\u00e0 et avant tout, on doit \u00e9viter d\u2019\u00eatre contamin\u00e9s par ce virus. Il faut faire tr\u00e8s attention m\u00eame si c\u2019est une question de destin. Apr\u00e8s, il faut savoir profiter de cette p\u00e9riode pour entretenir la forme physique car on n\u2019a pas le droit de s\u2019entra\u00eener en groupe encore moins de taper dans le ballon puisque tous les stades \u00e0 Oran sont ferm\u00e9s.<\/p>\n<p><strong>Qu\u2019allez-vous faire maintenant ?<\/strong><br \/>En principe, la direction devait nous envoyer un programme de travail d\u00e9taill\u00e9 qu\u2019on est appel\u00e9s \u00e0 respecter. Me concernant, je n\u2019ai pas de probl\u00e8me car je dispose de tous les moyens ad\u00e9quats chez moi pour m\u2019entra\u00eener sur tapis roulant et avec un mat\u00e9riel de musculation. Donc, je n\u2019aurai pas besoin de sortir de chez moi. Mais j\u2019envisage aussi de faire quelques footings \u00e0 la for\u00eat qui ne sera certainement pas ferm\u00e9e aux gens.<\/p>\n<p><strong>Pensez-vous que le championnat va reprendre ses droits \u00e0 partir du 5 avril ?<\/strong><br \/>Franchement, je n\u2019ai aucune id\u00e9e l\u00e0-dessus. Je vois que m\u00eame en Europe des pays tr\u00e8s d\u00e9velopp\u00e9s ont pris des mesures draconiennes pour lutter contre la propagation de ce virus. J\u2019esp\u00e8re avant tout qu\u2019on arrivera \u00e0 le ma\u00eetriser et \u00e0 l\u2019\u00e9radiquer une fois pour toute. Le football et les spectacles viendront apr\u00e8s. C\u2019est la vie humaine qui nous importe pour le moment.<\/p>\n<p><strong>Publi\u00e9 dans :<\/strong> <span>Ezzemani<\/span><\/p>\n<\/div>\n<p>Auteur:<br \/>\n<a href=\"http:\/\/www.lebuteur.com\/article\/detail?titre=ezzemani-il-faut-faire-tres-attention-a-ce-virus-meme-si-cest-une-question-de-mektoub&#038;id=95359&#038;utm_source=feedburner&#038;utm_medium=feed&#038;utm_campaign=Feed%3A+GalerieFArtciles+%28Les+derniers+articles++-+lebuteur.com%29\">Cliquez ici pour lire l&rsquo;article depuis sa source.<\/a><\/p>\n","protected":false},"excerpt":{"rendered":"<p>Auteur : Amine L. jeudi 19 mars 2020 10:39 L\u2019arri\u00e8re gauche des Hamraoua, Mohamed Ezzemani, affirme que l\u2019arr\u00eat du championnat est tomb\u00e9 au mauvais moment pour lui car il voulait encha\u00eener les matches apr\u00e8s avoir repris la comp\u00e9tition face \u00e0 l\u2019USM Alger. Il nous livre aussi ses impressions au sujet de ce virus Corona. Vous [&hellip;]<\/p>\n","protected":false},"author":1738,"featured_media":79540,"comment_status":"closed","ping_status":"closed","sticky":false,"template":"","format":"standard","meta":{"fifu_image_url":"","fifu_image_alt":"","footnotes":""},"categories":[53,75],"tags":[],"class_list":["post-79539","post","type-post","status-publish","format-standard","has-post-thumbnail","hentry","category-algerie","category-sport"],"_links":{"self":[{"href":"https:\/\/linitiative.ca\/International\/wp-json\/wp\/v2\/posts\/79539","targetHints":{"allow":["GET"]}}],"collection":[{"href":"https:\/\/linitiative.ca\/International\/wp-json\/wp\/v2\/posts"}],"about":[{"href":"https:\/\/linitiative.ca\/International\/wp-json\/wp\/v2\/types\/post"}],"author":[{"embeddable":true,"href":"https:\/\/linitiative.ca\/International\/wp-json\/wp\/v2\/users\/1738"}],"replies":[{"embeddable":true,"href":"https:\/\/linitiative.ca\/International\/wp-json\/wp\/v2\/comments?post=79539"}],"version-history":[{"count":0,"href":"https:\/\/linitiative.ca\/International\/wp-json\/wp\/v2\/posts\/79539\/revisions"}],"wp:featuredmedia":[{"embeddable":true,"href":"https:\/\/linitiative.ca\/International\/wp-json\/"}],"wp:attachment":[{"href":"https:\/\/linitiative.ca\/International\/wp-json\/wp\/v2\/media?parent=79539"}],"wp:term":[{"taxonomy":"category","embeddable":true,"href":"https:\/\/linitiative.ca\/International\/wp-json\/wp\/v2\/categories?post=79539"},{"taxonomy":"post_tag","embeddable":true,"href":"https:\/\/linitiative.ca\/International\/wp-json\/wp\/v2\/tags?post=79539"}],"curies":[{"name":"wp","href":"https:\/\/api.w.org\/{rel}","templated":true}]}}