{"id":79544,"date":"2020-03-19T14:51:00","date_gmt":"2020-03-19T18:51:00","guid":{"rendered":"https:\/\/linitiative.ca\/International\/sma-10-000-jeunes-mobilises-a-travers-le-pays-pour-sensibiliser-aux-dangers-du-coronavirus\/"},"modified":"2020-03-19T14:51:00","modified_gmt":"2020-03-19T18:51:00","slug":"sma-10-000-jeunes-mobilises-a-travers-le-pays-pour-sensibiliser-aux-dangers-du-coronavirus","status":"publish","type":"post","link":"https:\/\/linitiative.ca\/International\/sma-10-000-jeunes-mobilises-a-travers-le-pays-pour-sensibiliser-aux-dangers-du-coronavirus\/","title":{"rendered":"SMA: 10.000 jeunes mobilis\u00e9s \u00e0 travers le pays pour sensibiliser aux dangers du Coronavirus"},"content":{"rendered":"<p><h2>\u00a0<\/h2>\n<\/p>\n<div readability=\"35\">\n<p>\u00ab\u00a0En vue de mener cette op\u00e9ration \u00e0 bien, 10.000 jeunes scouts volontaires qualifi\u00e9s ont \u00e9t\u00e9 mobilis\u00e9s, a pr\u00e9cis\u00e9 la m\u00eame source, faisant \u00e9tat de plus de 600 op\u00e9rations organis\u00e9es \u00e0 ce jour dans les diff\u00e9rentes communes du pays\u00a0\u00bb.<\/p>\n<p>L&rsquo;op\u00e9ration \u00ab\u00a0a d\u00e9but\u00e9 par la constitution de commissions de wilayas et communales \u00e0 travers le pays, lesquelles ont men\u00e9, en coordination avec les autorit\u00e9s locales, des op\u00e9rations de sensibilisation et de pr\u00e9vention dans les agglom\u00e9rations et quartiers, fournissant aux populations des explications sur la m\u00e9thode \u00e0 suivre pour le lavage des mains et l&rsquo;utilisation des d\u00e9sinfectants, tout en les exhortant \u00e0 \u00e9viter les rassemblements et \u00e0 respecter les consignes de sant\u00e9, outre la distribution de brochures et d\u00e9pliants, a soulign\u00e9 le communiqu\u00e9.<\/p>\n<p>Il est question \u00e9galement, a ajout\u00e9 la m\u00eame source, de l&rsquo;\u00e9laboration et de la pr\u00e9sentation de programmes \u00e9ducatifs et de divertissement sur les r\u00e9seaux sociaux des diff\u00e9rents groupes de scouts, avec la participation de tous les scouts et citoyens\u00a0\u00bb.<\/p>\n<p class=\"c6\">Les SMA s&rsquo;att\u00e8lent en outre \u00e0 \u00ab\u00a0\u00e9laborer un programme \u00e9ducatif destin\u00e9 aux enfants \u00e0 m\u00eame d&rsquo;aider les parents \u00e0 les occuper\u00a0 dans la maison\u00a0\u00bb, a conclu le communiqu\u00e9.<\/p>\n<p class=\"c6\">APS<\/p>\n<\/div>\n<p>Auteur: elmoudjahid<br \/>\n<a href=\"http:\/\/www.elmoudjahid.com\/fr\/actualites\/150126\">Cliquez ici pour lire l&rsquo;article depuis sa source.<\/a><\/p>\n","protected":false},"excerpt":{"rendered":"<p>\u00a0 \u00ab\u00a0En vue de mener cette op\u00e9ration \u00e0 bien, 10.000 jeunes scouts volontaires qualifi\u00e9s ont \u00e9t\u00e9 mobilis\u00e9s, a pr\u00e9cis\u00e9 la m\u00eame source, faisant \u00e9tat de plus de 600 op\u00e9rations organis\u00e9es \u00e0 ce jour dans les diff\u00e9rentes communes du pays\u00a0\u00bb. L&rsquo;op\u00e9ration \u00ab\u00a0a d\u00e9but\u00e9 par la constitution de commissions de wilayas et communales \u00e0 travers le pays, [&hellip;]<\/p>\n","protected":false},"author":1744,"featured_media":0,"comment_status":"closed","ping_status":"closed","sticky":false,"template":"","format":"standard","meta":{"fifu_image_url":"","fifu_image_alt":"","footnotes":""},"categories":[73,53],"tags":[],"class_list":["post-79544","post","type-post","status-publish","format-standard","hentry","category-actualite","category-algerie"],"_links":{"self":[{"href":"https:\/\/linitiative.ca\/International\/wp-json\/wp\/v2\/posts\/79544","targetHints":{"allow":["GET"]}}],"collection":[{"href":"https:\/\/linitiative.ca\/International\/wp-json\/wp\/v2\/posts"}],"about":[{"href":"https:\/\/linitiative.ca\/International\/wp-json\/wp\/v2\/types\/post"}],"author":[{"embeddable":true,"href":"https:\/\/linitiative.ca\/International\/wp-json\/wp\/v2\/users\/1744"}],"replies":[{"embeddable":true,"href":"https:\/\/linitiative.ca\/International\/wp-json\/wp\/v2\/comments?post=79544"}],"version-history":[{"count":0,"href":"https:\/\/linitiative.ca\/International\/wp-json\/wp\/v2\/posts\/79544\/revisions"}],"wp:attachment":[{"href":"https:\/\/linitiative.ca\/International\/wp-json\/wp\/v2\/media?parent=79544"}],"wp:term":[{"taxonomy":"category","embeddable":true,"href":"https:\/\/linitiative.ca\/International\/wp-json\/wp\/v2\/categories?post=79544"},{"taxonomy":"post_tag","embeddable":true,"href":"https:\/\/linitiative.ca\/International\/wp-json\/wp\/v2\/tags?post=79544"}],"curies":[{"name":"wp","href":"https:\/\/api.w.org\/{rel}","templated":true}]}}