{"id":79545,"date":"2020-03-18T17:59:42","date_gmt":"2020-03-18T21:59:42","guid":{"rendered":"https:\/\/linitiative.ca\/International\/19-mars-fete-de-la-victoire-la-fierte-legitime-du-peuple-algerien\/"},"modified":"2020-03-18T17:59:42","modified_gmt":"2020-03-18T21:59:42","slug":"19-mars-fete-de-la-victoire-la-fierte-legitime-du-peuple-algerien","status":"publish","type":"post","link":"https:\/\/linitiative.ca\/International\/19-mars-fete-de-la-victoire-la-fierte-legitime-du-peuple-algerien\/","title":{"rendered":"19 mars, f\u00eate de la victoire : La fiert\u00e9 l\u00e9gitime du peuple alg\u00e9rien"},"content":{"rendered":"<p><strong>Nous c\u00e9l\u00e9brons, ce 19 mars 2020, le 58\u00b0 anniversaire de la f\u00eate de la victoire du peuple alg\u00e9rien, suite aux accords d\u2019Evian du 19 mars 1962.<\/strong><\/p>\n<p>C\u2019est une \u00e9clatante victoire faisant voir le jour apr\u00e8s une nuit coloniale qui a dur\u00e9 132 ans. Avec ces accords sign\u00e9s apr\u00e8s de dures n\u00e9gociations, l\u2019ind\u00e9pendance de l\u2019Alg\u00e9rie est devenue une r\u00e9alit\u00e9 trois mois plus tard, scell\u00e9e par un r\u00e9f\u00e9rendum de 99% pour.<\/p>\n<p>Il a fallu plus de sept ans de luttes, de combats, de dures \u00e9preuves ayant fait perdre au peuple alg\u00e9rien les meilleurs de ses fils, pour que l\u2019adversaire s\u2019astreigne \u00e0 s\u2019asseoir autour de la table des n\u00e9gociations. Que de larmes, que de douleurs, que de lourds sacrifices auraient \u00e9t\u00e9 \u00e9pargn\u00e9s de part et d\u2019autre, si la voix de la sagesse et celle de la raison avaient \u00e9t\u00e9 \u00e9cout\u00e9es\u00a0! Depuis l\u2019Emir Abdelkader en passant par toutes les formes de lutte et de r\u00e9sistances, jusqu\u2019au d\u00e9clenchement de la lutte arm\u00e9e en novembre 1954, le peuple alg\u00e9rien n\u2019a cess\u00e9 de lancer des signaux forts pour recouvrer sa souverainet\u00e9.<\/p>\n<p>Il n\u2019a jamais \u00e9t\u00e9 entendu et la voix des armes ne pouvait \u00eatre que l\u00e9gitime. M\u00eame durant cette p\u00e9riode de sept ann\u00e9es de combat, les forces coloniales ont fait r\u00e9gner la terreur pour \u00eatre les ma\u00eetres du terrain. Le r\u00e8gne de De Gaulle a \u00e9t\u00e9 particuli\u00e8rement meurtrier pour nos combattants. Celui-ci, sentant que l\u2019ind\u00e9pendance de l\u2019Alg\u00e9rie \u00e9tait in\u00e9luctable , a entrepris les plus sales op\u00e9rations pour rester vainqueur sur le terrain, en pr\u00e9vision d\u2019\u00eatre en position de force lorsqu\u2019arriveront les n\u00e9gociations, comme cela a \u00e9t\u00e9 pour le Vietnam.<\/p>\n<p>Cette inhumaine d\u00e9marche militaire a \u00e9t\u00e9 vou\u00e9e \u00e0 l\u2019\u00e9chec, neutralis\u00e9e par deux \u00e9v\u00e9nements \u00e0 la gloire du peuple alg\u00e9rien, les manifestations populaires pacifiques du 11 d\u00e9cembre 1960 et celles de notre \u00e9migration, le 17 octobre 1961. L\u2019heure maintenant \u00e9tait \u00e0 la n\u00e9gociation. Celle-ci fut d\u2019abord secr\u00e8te au d\u00e9but de l\u2019ann\u00e9e 1962, pour ne pas exacerber les ultras de l\u2019Alg\u00e9rie fran\u00e7aise. Cette mesure ne les a pas emp\u00each\u00e9 d\u2019accomplir l\u2019acte le plus ignoble qui soit, en assassinant le 15 mars 1962 l\u2019illustre \u00e9crivain Mouloud Feraoun et ses cinq compagnons. Ces n\u00e9gociations se sont ensuite r\u00e9v\u00e9l\u00e9es au public avec le choix de la ville d\u2019Evian, proche de la Suisse o\u00f9 r\u00e9sidait la d\u00e9l\u00e9gation alg\u00e9rienne. La va-et-vient quotidien et continuel des h\u00e9licopt\u00e8res a ponctu\u00e9 cette p\u00e9riode de n\u00e9gociations.<\/p>\n<p>Celles-ci n\u2019auraient pas tra\u00eener en longueur s\u2019il n\u2019y avait pas la question du Sahara alg\u00e9rien. La France voulait \u00e0 tout prix garder ces vastes territoires, d\u2019abord pour poursuivre ses essais nucl\u00e9aires entrepris \u00e0 Reggane en 1960, et ensuite pour exploiter les immenses ressources du sous-sol. Cette revendication reposait sur le fait que l\u2019Alg\u00e9rie, avant 1830, n\u2019avait aucun lien avec les populations du Sud. Les n\u00e9gociateurs alg\u00e9riens ont rejet\u00e9 cette option en pr\u00e9sentant des documents de la R\u00e9gence d\u2019Alger, attestant la protection par l\u2019Alg\u00e9rie souveraine de ces populations. La question a \u00e9t\u00e9 tranch\u00e9e gr\u00e2ce \u00e0 la pr\u00e9sence d\u2019esprit et au militantisme inconditionnel des<\/p>\n<p>n\u00e9gociateurs alg\u00e9riens. S\u2019ils avaient c\u00e9d\u00e9 sur ce point, press\u00e9s de finir cette terrible guerre sans fin et de mener une vie dor\u00e9e, la pr\u00e9sence fran\u00e7aise dans le Sahara serait comparable \u00e0 la position ill\u00e9gale d\u2019Isra\u00efl qui occupe la Palestine. Cela aurait alors provoqu\u00e9 des tensions sans fin occasionnant des conflits et une guerre continuels. Gloire donc \u00e0 nos valeureux n\u00e9gociateurs dont le patriotisme n\u2019a d\u2019\u00e9gal que leur haute intelligence, la vision juste du futur du pays et la sauvegarde inconditionnelle de l\u2019int\u00e9grit\u00e9 et de l\u2019unit\u00e9 du territoire national. Ils ont fait la fiert\u00e9 du peuple alg\u00e9rien et c\u2019est l\u00e9gitimement que cette date du 19 mars symbolise la f\u00eate de la victoire, une victoire hautement m\u00e9rit\u00e9e inscrite en lettres d\u2019or dans les pages d\u2019histoire de notre pays.<\/p>\n<p>Auteur: Boudjedri<br \/>\n<a href=\"http:\/\/www.jeune-independant.net\/19-mars-fete-de-la-victoire-La.html\">Cliquez ici pour lire l&rsquo;article depuis sa source.<\/a><\/p>\n","protected":false},"excerpt":{"rendered":"<p>Nous c\u00e9l\u00e9brons, ce 19 mars 2020, le 58\u00b0 anniversaire de la f\u00eate de la victoire du peuple alg\u00e9rien, suite aux accords d\u2019Evian du 19 mars 1962. C\u2019est une \u00e9clatante victoire faisant voir le jour apr\u00e8s une nuit coloniale qui a dur\u00e9 132 ans. Avec ces accords sign\u00e9s apr\u00e8s de dures n\u00e9gociations, l\u2019ind\u00e9pendance de l\u2019Alg\u00e9rie est [&hellip;]<\/p>\n","protected":false},"author":1737,"featured_media":0,"comment_status":"closed","ping_status":"closed","sticky":false,"template":"","format":"standard","meta":{"fifu_image_url":"","fifu_image_alt":"","footnotes":""},"categories":[73,53],"tags":[],"class_list":["post-79545","post","type-post","status-publish","format-standard","hentry","category-actualite","category-algerie"],"_links":{"self":[{"href":"https:\/\/linitiative.ca\/International\/wp-json\/wp\/v2\/posts\/79545","targetHints":{"allow":["GET"]}}],"collection":[{"href":"https:\/\/linitiative.ca\/International\/wp-json\/wp\/v2\/posts"}],"about":[{"href":"https:\/\/linitiative.ca\/International\/wp-json\/wp\/v2\/types\/post"}],"author":[{"embeddable":true,"href":"https:\/\/linitiative.ca\/International\/wp-json\/wp\/v2\/users\/1737"}],"replies":[{"embeddable":true,"href":"https:\/\/linitiative.ca\/International\/wp-json\/wp\/v2\/comments?post=79545"}],"version-history":[{"count":0,"href":"https:\/\/linitiative.ca\/International\/wp-json\/wp\/v2\/posts\/79545\/revisions"}],"wp:attachment":[{"href":"https:\/\/linitiative.ca\/International\/wp-json\/wp\/v2\/media?parent=79545"}],"wp:term":[{"taxonomy":"category","embeddable":true,"href":"https:\/\/linitiative.ca\/International\/wp-json\/wp\/v2\/categories?post=79545"},{"taxonomy":"post_tag","embeddable":true,"href":"https:\/\/linitiative.ca\/International\/wp-json\/wp\/v2\/tags?post=79545"}],"curies":[{"name":"wp","href":"https:\/\/api.w.org\/{rel}","templated":true}]}}