{"id":79547,"date":"2020-03-19T15:16:25","date_gmt":"2020-03-19T19:16:25","guid":{"rendered":"https:\/\/linitiative.ca\/International\/covid-19-nouvelles-directives-du-president-tebboune\/"},"modified":"2020-03-19T15:16:25","modified_gmt":"2020-03-19T19:16:25","slug":"covid-19-nouvelles-directives-du-president-tebboune","status":"publish","type":"post","link":"https:\/\/linitiative.ca\/International\/covid-19-nouvelles-directives-du-president-tebboune\/","title":{"rendered":"Covid-19 : Nouvelles directives du pr\u00e9sident Tebboune"},"content":{"rendered":"<p><strong>Le Pr\u00e9sident de la R\u00e9publique, M.\u00a0Abdelmadjid Tebboune, a pr\u00e9sid\u00e9, jeudi au si\u00e8ge de la Pr\u00e9sidence de la R\u00e9publique, une r\u00e9union compl\u00e9mentaire \u00e0 la s\u00e9ance de travail du 17 mars, en pr\u00e9sence du Premier ministre, de nombre de ministres et de chefs d\u2019organes s\u00e9curitaires, consacr\u00e9e \u00e0 la propagation du Coronavirus en Alg\u00e9rie, indique un communiqu\u00e9 de la Pr\u00e9sidence de la R\u00e9publique.<\/strong><\/p>\n<p>A l\u2019entame de la r\u00e9union, le Pr\u00e9sident Tebboune a exprim\u00e9 \u00ab\u00a0sa satisfaction de la prise de conscience croissante des citoyens quant \u00e0 la gravit\u00e9 de la situation, en faisant preuve de vigilance et de prudence, r\u00e9it\u00e9rant son appel \u00e0 davantage de discipline et de respect des mesures de pr\u00e9vention, unique antidote jusque l\u00e0 \u00e0 travers le monde\u00a0\u00bb.<\/p>\n<blockquote readability=\"12\">\n<p><span class=\"c3\"><em><strong>Le Pr\u00e9sident de la R\u00e9publique a appel\u00e9 \u00e0 \u00ab\u00a0ne pas s\u2019adonner \u00e0 la panique et \u00e0 la peur, car la situation est sous contr\u00f4le sur les plans financiers et humains, gr\u00e2ce \u00e0 la mobilisation de tous les secteurs de l\u2019Etat, mais aussi \u00e0 l\u2019\u00e9tat d\u2019alerte d\u00e9cr\u00e9t\u00e9 au niveau des \u00e9tablissements hospitaliers et des fronti\u00e8res a\u00e9riennes, terrestres et maritimes\u00a0\u00bb.<\/strong><\/em><\/span><\/p>\n<\/blockquote>\n<p>Le Pr\u00e9sident Tebboune a fustig\u00e9 \u00ab\u00a0les voix d\u00e9faitistes qui s\u2019\u00e9l\u00e8vent \u00e7a et l\u00e0 pour propager, avec une insistance \u00e9trange, des fake news tendancieuses et de fausses informations dont les auteurs sont \u00e0 la solde de clans haineux\u00a0\u00bb, mettant en garde contre \u00ab\u00a0tout d\u00e9passement sous le couvert de la libert\u00e9 d\u2019expression\u00a0\u00bb.<\/p>\n<p>Il a instruit, dans ce sens, les d\u00e9partements minist\u00e9riels concern\u00e9s \u00e0 l\u2019effet de \u00ab\u00a0lutter quotidiennement contre les campagnes de d\u00e9sinformation, par la diffusion de donn\u00e9es scientifiques de mani\u00e8re int\u00e9grale sur l\u2019\u00e9volution de la propagation de la pand\u00e9mie, en y associant des sp\u00e9cialistes et des experts dans l\u2019op\u00e9ration de sensibilisation, afin de rassurer les citoyens et de les inciter \u00e0 respecter les mesures de pr\u00e9vention\u00a0\u00bb.<\/p>\n<p>Apr\u00e8s un long d\u00e9bat portant comparaison de l\u2019\u00e9volution de la situation dans notre pays avec celle dans d\u2019autres pays, notamment europ\u00e9ens, la r\u00e9union a \u00e9t\u00e9 sanctionn\u00e9e par les d\u00e9cisions suivantes visant \u00e0 endiguer la propagation de la pand\u00e9mie et \u00e0 appliquer les mesures d\u2019isolement aux cas confirm\u00e9s ou suspect\u00e9s.<\/p>\n<p>Il s\u2019agit de\u00a0:<\/p>\n<p>&#8211; La suspension de tous les moyens de transport en commun publics et priv\u00e9s \u00e0 l\u2019int\u00e9rieur des villes et inter-wilayas ainsi que le trafic ferroviaire.<\/p>\n<p>&#8211; La d\u00e9mobilisation de 50% des employ\u00e9s et le maintien des employ\u00e9s des services vitaux n\u00e9cessaires, avec maintien des salaires.<\/p>\n<p>&#8211; La d\u00e9mobilisation des femmes travailleuses ayant des enfants en bas \u00e2ges.<\/p>\n<p>Les cat\u00e9gories concern\u00e9es par la d\u00e9mobilisation seront d\u00e9finies, dans les deux cas, via un d\u00e9cret ex\u00e9cutif qui sera promulgu\u00e9 par le Premier ministre.<\/p>\n<p>&#8211; La fermeture temporaire des Caf\u00e9s et restaurants dans les grandes villes.<\/p>\n<p>Ces mesures entreront en vigueur \u00e0 partir de dimanche \u00e0 01:00 et s\u2019\u00e9taleront jusqu\u2019au 4 avril. Elles seront soit lev\u00e9es, soit prolong\u00e9es en fonction des nouvelles donnes.<\/p>\n<p>&#8211; R\u00e9guler le march\u00e9 pour lutter contre les p\u00e9nuries en assurant la disponibilit\u00e9 de tous les produits alimentaires de premi\u00e8re n\u00e9cessit\u00e9.<\/p>\n<p>&#8211; Charger le minist\u00e8re de l\u2019Int\u00e9rieur, des Collectivit\u00e9s locales et de l\u2019Am\u00e9nagement du territoire de guetter, en coordination avec les minist\u00e8res du Commerce et de l\u2019Agriculture, les sp\u00e9culateurs et de prendre les mesures n\u00e9cessaires \u00e0 leur encontre, dont la mise sous scell\u00e9s de leurs entrep\u00f4ts et locaux et leur signalement \u00e0 travers les m\u00e9dias avant de les d\u00e9f\u00e9rer \u00e0 la justice.<\/p>\n<p>&#8211; Doter l\u2019actuelle commission de vigilance et de suivi au minist\u00e8re de la Sant\u00e9, de la Population et de la R\u00e9forme hospitali\u00e8re d\u2019un comit\u00e9 scientifique de suivi de l\u2019\u00e9volution de la pand\u00e9mie du Coronavirus (COVID-19), compos\u00e9 d\u2019\u00e9minents m\u00e9decins sp\u00e9cialistes \u00e0 travers tout le territoire national sous la supervision du ministre de la Sant\u00e9, de la Population et de la R\u00e9forme hospitali\u00e8re, et dont la t\u00e2che consistera \u00e0 suivre l\u2019\u00e9volution de la pand\u00e9mie et \u00e0 en informer l\u2019opinion publique quotidiennement et de mani\u00e8re r\u00e9guli\u00e8re. L\u2019\u00e9pid\u00e9miologiste Pr. Djamel Fourar, Directeur g\u00e9n\u00e9ral de la pr\u00e9vention au minist\u00e8re de la sant\u00e9, a \u00e9t\u00e9 nomm\u00e9 Porte parole officiel de ce nouveau comit\u00e9 scientifique.<\/p>\n<p>&#8211; Charger le minist\u00e8re des Finances \u00e0 l\u2019effet de faciliter les mesures de d\u00e9douanement des produits alimentaires import\u00e9s et d\u2019acc\u00e9l\u00e9rer les proc\u00e9dures bancaires y aff\u00e9rentes en fonction de la situation exceptionnelle que traverse le pays.<\/p>\n<p>Au terme de la r\u00e9union, le Pr\u00e9sident de la R\u00e9publique a insist\u00e9, \u00e0 nouveau, sur \u00ab\u00a0le sens \u00e9lev\u00e9 de responsabilit\u00e9 dont tout un chacun doit faire preuve, notamment les m\u00e9dias, car la situation est ma\u00eetris\u00e9e et les capacit\u00e9s du pays, m\u00eame si le stade III venait \u00e0 \u00eatre atteint, seraient renforc\u00e9es par le recours aux moyens de l\u2019Arm\u00e9e nationale populaire (ANP), capable d\u2019apporter son aide \u00e0 travers des h\u00f4pitaux de campagne et des capacit\u00e9s humaines telles que les m\u00e9decins, sp\u00e9cialistes, corps param\u00e9dical et ambulances\u00a0\u00bb.<\/p>\n<blockquote readability=\"9\">\n<p><em><strong><span class=\"c3\">Le Pr\u00e9sident de la R\u00e9publique a rassur\u00e9 \u00ab\u00a0Nous verrons plus clair avant le 10 avril, une fois termin\u00e9e la p\u00e9riode de mise en quarantaine des derniers voyageurs alg\u00e9riens bloqu\u00e9s dans certains a\u00e9roports internationaux, lesquels seront rapatri\u00e9s incessamment\u00a0\u00bb.<\/span><\/strong><\/em><\/p>\n<\/blockquote>\n<p>Enfin, le Pr\u00e9sident de la R\u00e9publique a appel\u00e9 les Alg\u00e9riens \u00e0 \u00ab\u00a0limiter leurs d\u00e9placements, m\u00eame au sein de leurs quartiers, pour \u00e9viter la propagation de la pand\u00e9mie\u00a0\u00bb, et ordonn\u00e9 les services de s\u00e9curit\u00e9 \u00ab\u00a0de faire preuve de rigueur et de fermet\u00e9 envers tout rassemblement ou marche attentant \u00e0 la s\u00e9curit\u00e9 des citoyens\u00a0\u00bb.<\/p>\n<p>Auteur: Boudjedri<br \/>\n<a href=\"http:\/\/www.jeune-independant.net\/Covid-19-Nouvelles-directives-du.html\">Cliquez ici pour lire l&rsquo;article depuis sa source.<\/a><\/p>\n","protected":false},"excerpt":{"rendered":"<p>Le Pr\u00e9sident de la R\u00e9publique, M.\u00a0Abdelmadjid Tebboune, a pr\u00e9sid\u00e9, jeudi au si\u00e8ge de la Pr\u00e9sidence de la R\u00e9publique, une r\u00e9union compl\u00e9mentaire \u00e0 la s\u00e9ance de travail du 17 mars, en pr\u00e9sence du Premier ministre, de nombre de ministres et de chefs d\u2019organes s\u00e9curitaires, consacr\u00e9e \u00e0 la propagation du Coronavirus en Alg\u00e9rie, indique un communiqu\u00e9 de [&hellip;]<\/p>\n","protected":false},"author":1737,"featured_media":0,"comment_status":"closed","ping_status":"closed","sticky":false,"template":"","format":"standard","meta":{"fifu_image_url":"","fifu_image_alt":"","footnotes":""},"categories":[73,53],"tags":[],"class_list":["post-79547","post","type-post","status-publish","format-standard","hentry","category-actualite","category-algerie"],"_links":{"self":[{"href":"https:\/\/linitiative.ca\/International\/wp-json\/wp\/v2\/posts\/79547","targetHints":{"allow":["GET"]}}],"collection":[{"href":"https:\/\/linitiative.ca\/International\/wp-json\/wp\/v2\/posts"}],"about":[{"href":"https:\/\/linitiative.ca\/International\/wp-json\/wp\/v2\/types\/post"}],"author":[{"embeddable":true,"href":"https:\/\/linitiative.ca\/International\/wp-json\/wp\/v2\/users\/1737"}],"replies":[{"embeddable":true,"href":"https:\/\/linitiative.ca\/International\/wp-json\/wp\/v2\/comments?post=79547"}],"version-history":[{"count":0,"href":"https:\/\/linitiative.ca\/International\/wp-json\/wp\/v2\/posts\/79547\/revisions"}],"wp:attachment":[{"href":"https:\/\/linitiative.ca\/International\/wp-json\/wp\/v2\/media?parent=79547"}],"wp:term":[{"taxonomy":"category","embeddable":true,"href":"https:\/\/linitiative.ca\/International\/wp-json\/wp\/v2\/categories?post=79547"},{"taxonomy":"post_tag","embeddable":true,"href":"https:\/\/linitiative.ca\/International\/wp-json\/wp\/v2\/tags?post=79547"}],"curies":[{"name":"wp","href":"https:\/\/api.w.org\/{rel}","templated":true}]}}