{"id":79548,"date":"2020-03-19T05:07:12","date_gmt":"2020-03-19T09:07:12","guid":{"rendered":"https:\/\/linitiative.ca\/International\/produits-alimentaires-la-speculation-et-la-frenesie-des-achats-provoquent-une-flambee-des-prix\/"},"modified":"2020-03-19T05:07:12","modified_gmt":"2020-03-19T09:07:12","slug":"produits-alimentaires-la-speculation-et-la-frenesie-des-achats-provoquent-une-flambee-des-prix","status":"publish","type":"post","link":"https:\/\/linitiative.ca\/International\/produits-alimentaires-la-speculation-et-la-frenesie-des-achats-provoquent-une-flambee-des-prix\/","title":{"rendered":"Produits alimentaires : La sp\u00e9culation et la fr\u00e9n\u00e9sie des achats provoquent une flamb\u00e9e des prix"},"content":{"rendered":"<h4 class=\"title-14\"\/>\n<p class=\"p3\"><span class=\"s2\"><strong>L<\/strong><\/span><span class=\"s2\">es\u00a0prix\u00a0des produits alimentaires, dont les fruits et l\u00e9gumes, ont enregistr\u00e9, hier, une\u00a0forte hausse sur les march\u00e9s, au moment o\u00f9 le pays est confront\u00e9 \u00e0 une crise sanitaire aux cons\u00e9quences multiples.<\/span><\/p>\n<p class=\"p4\"><span class=\"s2\">A l\u2019origine de cette flamb\u00e9e soudaine, l\u2019Association nationale des commer\u00e7ants et artisans (ANCA) a \u00e9voqu\u00e9 une fr\u00e9n\u00e9sie des achats des produits de consommation\u00a0li\u00e9e\u00a0\u00e0 la propagation du\u00a0coronavirus<em>,<\/em> ainsi que les al\u00e9as climatiques et le ph\u00e9nom\u00e8ne de la sp\u00e9culation.<\/span><\/p>\n<p class=\"p4\"><span class=\"s2\">A titre d\u2019exemple, <em>\u00able prix de la pomme de terre a augment\u00e9 ces derni\u00e8res 24 heures de 30 DA\/kg sur le march\u00e9 de d\u00e9tail, notamment dans les wilayas du Centre.<\/em><\/span><\/p>\n<p class=\"p4\"><span class=\"s2\"><em>Face \u00e0 l\u2019inqui\u00e9tude croissante que suscite le Covid-19, les consommateurs ont fait des achats de<\/em> <em>l\u00e9gumes, dont l\u2019oignon et la pomme de terre en grandes quantit\u00e9s ces trois derniers jours. Beaucoup d\u2019Alg\u00e9riens ont fait des stocks de sept \u00e0 dix jours. Evidemment, cela a influ\u00e9 sur les prix des produits alimentaires\u00bb<\/em>, a soulign\u00e9 Hadj Tahar Boulenouar, pr\u00e9sident de l\u2019ANCA, joint hier par t\u00e9l\u00e9phone. Autre explication : les al\u00e9as climatiques.<\/span><\/p>\n<p class=\"p4\"><span class=\"s2\">\u00ab<em>Avant-hier, la r\u00e9gion de Oued Souf, dans la wilaya d\u2019El Oued, premier fournisseur national de pommes de terre, a \u00e9t\u00e9 touch\u00e9e par une temp\u00eate de sable. La r\u00e9colte de la pomme de terre et le transport \u00e9taient \u00e0 l\u2019arr\u00eat<\/em>\u00bb, a-t-il indiqu\u00e9.<\/span><\/p>\n<p class=\"p4\"><span class=\"s2\">Ce dernier a aussi d\u00e9nonc\u00e9 des \u00ab<em>sp\u00e9culateurs qui profitent de l\u2019aubaine pour augmenter les prix<\/em>\u00bb des produits alimentaires. \u00ab<em>Des sp\u00e9culateurs sont all\u00e9s jusqu\u2019\u00e0 colporter de fausses nouvelles, selon lesquelles les march\u00e9s de gros et de d\u00e9tail allaient \u00eatre ferm\u00e9s.<\/em><\/span><\/p>\n<p class=\"p4\"><span class=\"s2\"><em>En agissant ainsi, ils esp\u00e9raient pousser les citoyens \u00e0 acheter en grandes quantit\u00e9s et dicter ainsi leur loi en mati<\/em>\u00e8re <em>des prix\u00bb<\/em>, a-t-il fustig\u00e9, appelant les Alg\u00e9riens \u00e0 \u00e9viter les achats de pr\u00e9caution qui pourraient d\u00e9boucher sur une p\u00e9nurie des produits alimentaires.<\/span><\/p>\n<p class=\"p4\"><span class=\"s2\">Alors que le pr\u00e9sident Tebboune a promis \u00ab<em>de mener une campagne pour d\u00e9masquer les sp\u00e9culateurs qui stockent des produits de consommation en vue de cr\u00e9er des p\u00e9nuries<\/em>\u00bb, le pr\u00e9sident de l\u2019ANCA a recommand\u00e9 de contraindre l\u2019ensemble des producteurs agricoles de passer par les march\u00e9s de gros, et de suivre le parcours des transporteurs de produits alimentaires. <em>\u00abIl faut une coordination entre les directions du commerce et celles de l\u2019agriculture pour garantir la stabilit\u00e9 de l\u2019offre et de la demande\u00bb<\/em>, a-t-il soulign\u00e9.<\/span><\/p>\n<p class=\"p4\"><span class=\"s2\">Celui-ci a pr\u00e9dit une baisse prochaine des prix des produits agricoles. <em>\u00abLes stocks des produits alimentaires sont tr\u00e8s suffisants pour satisfaire la demande pour les prochains mois. De plus, nous sommes toujours en p\u00e9riode de r\u00e9colte s\u2019agissant de la pomme de terre. Je peux garantir qu\u2019il n\u2019y aura pas de p\u00e9nurie ou de rupture de stocks des produits alimentaires.<\/em><\/span><\/p>\n<p class=\"p4\"><span class=\"s2\"><em>Il n\u2019y a aucune raison que les citoyens s\u2019affolent<\/em>\u00bb, a relev\u00e9 Hadj Tahar Boulenouar, dont l\u2019organisation sensibilise ses adh\u00e9rents \u00e0 observer les mesures pr\u00e9ventives pour contenir la propagation du coronavirus, notamment le port de gants et la d\u00e9sinfection et le nettoyage des espaces commerciaux.<\/span><\/p>\n<p class=\"p4\"><span class=\"s2\">Lundi dernier, le ministre du Commerce, Kamel Rezig, avait affirm\u00e9 que ses services pouvaient intervenir pour plafonner les prix et d\u00e9terminer les marges b\u00e9n\u00e9ficiaires en <strong><em>\u00ab<\/em><\/strong><em>cas de n\u00e9cessit\u00e9 absolue\u00bb<\/em>, allusion au coronavirus.<\/span><\/p>\n<p class=\"p4\"><span class=\"s2\"><em>\u00abOn ne peut pas plafonner les prix, car le march\u00e9 est libre. L\u2019Etat a seulement le droit de plafonner les prix des produits subventionn\u00e9s. En revanche, on peut se mettre d\u2019accord sur le plafonnement des marges b\u00e9n\u00e9ficiaires\u00bb<\/em>, a nuanc\u00e9 notre interlocuteur.<\/span><\/p>\n<p><span class=\"post-views-label\">Post Views:<\/span> <span class=\"post-views-count\">1\u00a0467<\/span><\/p>\n<p><br class=\"c2\"\/><br class=\"c6\"\/><\/p>\n<p>Auteur: Anis Khecheba<br \/>\n<a href=\"https:\/\/www.elwatan.com\/edition\/actualite\/produits-alimentaires-la-speculation-et-la-frenesie-des-achats-provoquent-une-flambee-des-prix-19-03-2020\">Cliquez ici pour lire l&rsquo;article depuis sa source.<\/a><\/p>\n","protected":false},"excerpt":{"rendered":"<p>Les\u00a0prix\u00a0des produits alimentaires, dont les fruits et l\u00e9gumes, ont enregistr\u00e9, hier, une\u00a0forte hausse sur les march\u00e9s, au moment o\u00f9 le pays est confront\u00e9 \u00e0 une crise sanitaire aux cons\u00e9quences multiples. A l\u2019origine de cette flamb\u00e9e soudaine, l\u2019Association nationale des commer\u00e7ants et artisans (ANCA) a \u00e9voqu\u00e9 une fr\u00e9n\u00e9sie des achats des produits de consommation\u00a0li\u00e9e\u00a0\u00e0 la propagation [&hellip;]<\/p>\n","protected":false},"author":1743,"featured_media":0,"comment_status":"closed","ping_status":"closed","sticky":false,"template":"","format":"standard","meta":{"fifu_image_url":"","fifu_image_alt":"","footnotes":""},"categories":[73,53],"tags":[],"class_list":["post-79548","post","type-post","status-publish","format-standard","hentry","category-actualite","category-algerie"],"_links":{"self":[{"href":"https:\/\/linitiative.ca\/International\/wp-json\/wp\/v2\/posts\/79548","targetHints":{"allow":["GET"]}}],"collection":[{"href":"https:\/\/linitiative.ca\/International\/wp-json\/wp\/v2\/posts"}],"about":[{"href":"https:\/\/linitiative.ca\/International\/wp-json\/wp\/v2\/types\/post"}],"author":[{"embeddable":true,"href":"https:\/\/linitiative.ca\/International\/wp-json\/wp\/v2\/users\/1743"}],"replies":[{"embeddable":true,"href":"https:\/\/linitiative.ca\/International\/wp-json\/wp\/v2\/comments?post=79548"}],"version-history":[{"count":0,"href":"https:\/\/linitiative.ca\/International\/wp-json\/wp\/v2\/posts\/79548\/revisions"}],"wp:attachment":[{"href":"https:\/\/linitiative.ca\/International\/wp-json\/wp\/v2\/media?parent=79548"}],"wp:term":[{"taxonomy":"category","embeddable":true,"href":"https:\/\/linitiative.ca\/International\/wp-json\/wp\/v2\/categories?post=79548"},{"taxonomy":"post_tag","embeddable":true,"href":"https:\/\/linitiative.ca\/International\/wp-json\/wp\/v2\/tags?post=79548"}],"curies":[{"name":"wp","href":"https:\/\/api.w.org\/{rel}","templated":true}]}}