{"id":79551,"date":"2020-03-19T05:10:29","date_gmt":"2020-03-19T09:10:29","guid":{"rendered":"https:\/\/linitiative.ca\/International\/quand-loms-sattaque-a-linfodemie-fake-news-lautre-fleau\/"},"modified":"2020-03-19T05:10:29","modified_gmt":"2020-03-19T09:10:29","slug":"quand-loms-sattaque-a-linfodemie-fake-news-lautre-fleau","status":"publish","type":"post","link":"https:\/\/linitiative.ca\/International\/quand-loms-sattaque-a-linfodemie-fake-news-lautre-fleau\/","title":{"rendered":"Quand l\u2019OMS s\u2019attaque \u00e0 l\u2019\u00abinfod\u00e9mie\u00bb :\u00a0Fake news, l\u2019autre fl\u00e9au"},"content":{"rendered":"<h4 class=\"title-14\"\/>\n<div class=\"featured_image\"><img loading=\"lazy\" decoding=\"async\" width=\"800\" height=\"449\" src=\"https:\/\/www.elwatan.com\/wp-content\/uploads\/2020\/03\/Fake-news.gif\" class=\"attachment-post-thumbnail size-post-thumbnail wp-post-image\" alt=\"\"\/><\/div>\n<p class=\"p4\"><span class=\"s1\"><strong>La propagation des fake news, comme on peut le remarquer, est concomitante de la pand\u00e9mie. Les ravages mondialis\u00e9s du coronavirus ont, qui plus est, d\u00e9multipli\u00e9 les flux d\u2019\u00abinfox\u00bb, provoquant ainsi une inflation critique des fausses informations, o\u00f9 l\u2019approximation le dispute \u00e0 la parano\u00efa conspirationniste.<\/strong><\/span><\/p>\n<p class=\"p4\"><span class=\"s1\"><strong>P<\/strong><\/span><span class=\"s1\">armi les mesures annonc\u00e9es par le pr\u00e9sident Tebboune dans son discours de mardi soir, la \u00ab<em>recherche et (l\u2019)identification des personnes d\u00e9faitistes qui s\u2019attellent \u00e0 faire circuler des fake news pour semer l\u2019anarchie et maintenir le citoyen en \u00e9tat de panique\u00bb.<\/em><\/span><\/p>\n<p class=\"p4\"><span class=\"s1\">Force est de le constater\u00a0: la prolif\u00e9ration d\u2019informations fantaisistes par ces temps anxiog\u00e8nes pour cause de \u00abcorona\u00bb est un vrai probl\u00e8me. Et la propagation des fake news, comme on peut le remarquer, est concomitante de la pand\u00e9mie.<\/span><\/p>\n<p class=\"p4\"><span class=\"s1\">Les ravages mondialis\u00e9s du coronavirus ont, qui plus est, d\u00e9multipli\u00e9 les flux d\u2019\u00ab<em>infox<\/em>\u00bb, provoquant ainsi une inflation critique des fausses informations, o\u00f9 l\u2019approximation le dispute \u00e0 la parano\u00efa conspirationniste. Il faut dire, en effet, que c\u2019est le genre de crises qui fournissent un terrain fertile aux th\u00e9ories du complot. Parmi les plus r\u00e9pandues, celle qui voudrait que le coronavirus soit une <em>\u00abarme biologique\u00bb<\/em> cr\u00e9\u00e9e en laboratoire.<\/span><\/p>\n<p class=\"p4\"><span class=\"s1\">Un porte-parole du minist\u00e8re chinois des Affaires \u00e9trang\u00e8res, Zhao Lijian, a m\u00eame accus\u00e9, dans un Tweet, l\u2019arm\u00e9e am\u00e9ricaine d\u2019avoir lanc\u00e9 le virus dans la r\u00e9gion de Wuhan d\u2019o\u00f9 est partie l\u2019\u00e9pid\u00e9mie, de quoi provoquer l\u2019ire de Washington et des tensions diplomatiques entre les deux g\u00e9ants.<\/span><\/p>\n<p class=\"p4\"><span class=\"s1\">On a lu aussi qu\u2019il s\u2019agirait d\u2019une op\u00e9ration machiav\u00e9lique d\u2019un obscur groupe pharmaceutique (ou plusieurs labos) pour \u00e9couler un vaccin pr\u00eat \u00e0 l\u2019emploi.<\/span><\/p>\n<p class=\"p4\"><span class=\"s1\">L\u2019une des derni\u00e8res th\u00e8ses complotistes devenue virale sur les r\u00e9seaux soutient qu\u2019une souche de coronavirus a \u00e9t\u00e9 fabriqu\u00e9e en Chine au d\u00e9but des ann\u00e9es 2000 et qu\u2019elle a m\u00eame \u00e9t\u00e9 brevet\u00e9e. L\u2019Institut Pasteur en France a d\u00fb r\u00e9agir via un communiqu\u00e9 diffus\u00e9 sur son site officiel.<\/span><\/p>\n<p class=\"p4\"><span class=\"s1\">Le site web s\u2019ouvre d\u2019embl\u00e9e par cette mise en garde\u00a0: \u00ab<em>Coronavirus\u00a0: attention aux fausses informations sur le Covid-19 circulant sur les r\u00e9seaux sociaux<\/em>.\u00bb Et d\u2019affirmer\u00a0: \u00ab<em>La vid\u00e9o conspirationniste qui circule actuellement sur le web est totalement fausse<\/em>\u00bb, avant de d\u00e9monter m\u00e9thodiquement l\u2019argumentaire de l\u2019auteur de la vid\u00e9o.<\/span><\/p>\n<p class=\"p4\"><span class=\"s1\">La m\u00eame source explique que le brevet en question concerne en r\u00e9alit\u00e9 un premier coronavirus d\u00e9nomm\u00e9\u00a0\u00abSARS-cov1\u00bb qui a <strong>\u00ab<\/strong><em>\u00e9merg\u00e9 en Chine<\/em><strong>\u00bb<\/strong> en 2002<strong>,<\/strong> et qui est \u00ab<em>responsable d\u2019une \u00e9pid\u00e9mie de syndrome respiratoire aigu s\u00e9v\u00e8re<\/em> (SRAS)\u00bb.<\/span><\/p>\n<p class=\"p4\"><span class=\"s1\">Le communiqu\u00e9 ajoute que des \u00ab<em>\u00e9quipes de l\u2019Institut Pasteur se sont mobilis\u00e9es, en proposant plusieurs strat\u00e9gies vaccinales, dont un candidat-vaccin bas\u00e9 sur la plateforme rougeole<\/em>\u00bb, et qu\u2019\u00ab<em>en 2004, ce candidat-vaccin contre SARS-cov1 a fait l\u2019objet d\u2019une d\u00e9claration d\u2019invention (DI)<\/em>\u00bb.<\/span><\/p>\n<p class=\"p4\"><span class=\"s1\">\u00ab<em>Le brevet d\u00e9pos\u00e9 concernait bien le SARS-cov1 (responsable de la maladie dite SRAS en 2002-2003), qui est tr\u00e8s diff\u00e9rent de SARS-cov2 (responsable de la maladie dite Covid-19 en 2019-2020)<\/em>\u00bb, tranche l\u2019Institut Pasteur fran\u00e7ais.<\/span><\/p>\n<p class=\"p4\"><span class=\"s1\">\u00ab<em>En plus d\u2019une \u00e9pid\u00e9mie de maladies, nous avons une \u00e9pid\u00e9mie d\u2019informations et c\u2019est ce que nous appelons une \u2018infod\u00e9mie\u2019\u00a0: la circulation de rumeurs et de fausses informations<\/em>\u00bb, d\u00e9clarait, en f\u00e9vrier dernier, Sylvie Briand, directrice de l\u2019OMS pour la pr\u00e9paration aux risques infectieux mondiaux, au cours d\u2019une conf\u00e9rence de presse \u00e0 Gen\u00e8ve, rapporte le site d\u2019information des Nations unies (https:\/\/news.un.org).<\/span><\/p>\n<p class=\"p4\"><span class=\"s1\">\u00ab<em>Ce que nous avons remarqu\u00e9, c\u2019est que les gens ont trop d\u2019informations<\/em>\u00bb, estime le D<sup>r<\/sup> Briand. \u00ab<em>Les gens cherchent des sources d\u2019informations fiables et nous voulons jouer ce r\u00f4le pour \u00eatre au-devant et pr\u00e9server la sant\u00e9 mondiale<\/em>\u00bb, a-t-elle \u00e9galement soulign\u00e9.<\/span><\/p>\n<p class=\"p4\"><span class=\"s1\">De son c\u00f4t\u00e9, le directeur g\u00e9n\u00e9ral de l\u2019OMS, D<sup>r<\/sup> Tedros Adhanom Ghebreyesus, annon\u00e7ait lors d\u2019une r\u00e9cente r\u00e9union du conseil de direction de l\u2019organisation : \u00ab<em>Nous travaillons avec Google pour nous assurer que les personnes recherchant des informations sur le coronavirus voient les informations de l\u2019OMS en haut de leurs r\u00e9sultats de recherche<\/em>.\u00bb<\/span><\/p>\n<p class=\"p4\"><span class=\"s1\">Dans l\u2019importante rubrique consacr\u00e9e au Covid-19 sur son site officiel, l\u2019OMS a r\u00e9serv\u00e9 un chapitre intitul\u00e9 <em>\u00abEn finir avec les\u00a0id\u00e9es re\u00e7ues\u00bb<\/em> pour rectifier un certain nombre de <em>\u00abm\u00e9sinformations\u00bb<\/em> relatives au redoutable virus. Par exemple, il est pr\u00e9cis\u00e9 que \u00ab<em>les personnes qui re\u00e7oivent des colis en provenance de Chine ne risquent pas de contracter le nouveau coronavirus<\/em>\u00bb.<\/span><\/p>\n<p class=\"p4\"><span class=\"s1\">Au sujet des pr\u00e9sum\u00e9es vertus de l\u2019ail, l\u2019OMS est formelle\u00a0: \u00ab<em>Rien ne prouve, dans le cadre de l\u2019\u00e9pid\u00e9mie actuelle, que la consommation d\u2019ail prot\u00e8ge les gens contre le nouveau coronavirus<\/em>.\u00bb Autre rem\u00e8de pr\u00e9sent\u00e9 comme efficace\u00a0: l\u2019huile de s\u00e9same. \u00ab<em>Non, l\u2019huile de s\u00e9same ne tue pas le nouveau coronavirus<\/em>\u00bb, corrige l\u2019agence onusienne.\u00a0<\/span><\/p>\n<p><span class=\"post-views-label\">Post Views:<\/span> <span class=\"post-views-count\">1\u00a0218<\/span><\/p>\n<p><br class=\"c2\"\/><br class=\"c6\"\/><\/p>\n<p>Auteur: Anis Khecheba<br \/>\n<a href=\"https:\/\/www.elwatan.com\/edition\/actualite\/quand-loms-sattaque-a-linfodemie-fake-news-lautre-fleau-19-03-2020\">Cliquez ici pour lire l&rsquo;article depuis sa source.<\/a><\/p>\n","protected":false},"excerpt":{"rendered":"<p>La propagation des fake news, comme on peut le remarquer, est concomitante de la pand\u00e9mie. Les ravages mondialis\u00e9s du coronavirus ont, qui plus est, d\u00e9multipli\u00e9 les flux d\u2019\u00abinfox\u00bb, provoquant ainsi une inflation critique des fausses informations, o\u00f9 l\u2019approximation le dispute \u00e0 la parano\u00efa conspirationniste. Parmi les mesures annonc\u00e9es par le pr\u00e9sident Tebboune dans son discours [&hellip;]<\/p>\n","protected":false},"author":1743,"featured_media":79552,"comment_status":"closed","ping_status":"closed","sticky":false,"template":"","format":"standard","meta":{"fifu_image_url":"","fifu_image_alt":"","footnotes":""},"categories":[73,53],"tags":[],"class_list":["post-79551","post","type-post","status-publish","format-standard","has-post-thumbnail","hentry","category-actualite","category-algerie"],"_links":{"self":[{"href":"https:\/\/linitiative.ca\/International\/wp-json\/wp\/v2\/posts\/79551","targetHints":{"allow":["GET"]}}],"collection":[{"href":"https:\/\/linitiative.ca\/International\/wp-json\/wp\/v2\/posts"}],"about":[{"href":"https:\/\/linitiative.ca\/International\/wp-json\/wp\/v2\/types\/post"}],"author":[{"embeddable":true,"href":"https:\/\/linitiative.ca\/International\/wp-json\/wp\/v2\/users\/1743"}],"replies":[{"embeddable":true,"href":"https:\/\/linitiative.ca\/International\/wp-json\/wp\/v2\/comments?post=79551"}],"version-history":[{"count":0,"href":"https:\/\/linitiative.ca\/International\/wp-json\/wp\/v2\/posts\/79551\/revisions"}],"wp:featuredmedia":[{"embeddable":true,"href":"https:\/\/linitiative.ca\/International\/wp-json\/"}],"wp:attachment":[{"href":"https:\/\/linitiative.ca\/International\/wp-json\/wp\/v2\/media?parent=79551"}],"wp:term":[{"taxonomy":"category","embeddable":true,"href":"https:\/\/linitiative.ca\/International\/wp-json\/wp\/v2\/categories?post=79551"},{"taxonomy":"post_tag","embeddable":true,"href":"https:\/\/linitiative.ca\/International\/wp-json\/wp\/v2\/tags?post=79551"}],"curies":[{"name":"wp","href":"https:\/\/api.w.org\/{rel}","templated":true}]}}