{"id":79553,"date":"2020-03-19T05:11:28","date_gmt":"2020-03-19T09:11:28","guid":{"rendered":"https:\/\/linitiative.ca\/International\/tebboune-affirme-que-la-situation-est-sous-controle-un-discours-diversement-apprecie\/"},"modified":"2020-03-19T05:11:28","modified_gmt":"2020-03-19T09:11:28","slug":"tebboune-affirme-que-la-situation-est-sous-controle-un-discours-diversement-apprecie","status":"publish","type":"post","link":"https:\/\/linitiative.ca\/International\/tebboune-affirme-que-la-situation-est-sous-controle-un-discours-diversement-apprecie\/","title":{"rendered":"Tebboune affirme que la situation est sous contr\u00f4le : Un discours diversement appr\u00e9ci\u00e9"},"content":{"rendered":"<h4 class=\"title-14\"\/>\n<div class=\"featured_image\"><img loading=\"lazy\" decoding=\"async\" width=\"800\" height=\"450\" src=\"https:\/\/www.elwatan.com\/wp-content\/uploads\/2020\/03\/maxresdefault.gif\" class=\"attachment-post-thumbnail size-post-thumbnail wp-post-image\" alt=\"\"\/><\/div>\n<p class=\"p4\"><span class=\"s1\"><strong>Face aux multiples interrogations, le pr\u00e9sident de la R\u00e9publique a tent\u00e9 de rassurer les Alg\u00e9riens.<\/strong><\/span><\/p>\n<p class=\"p6\"><span class=\"s1\"><strong>L<\/strong><\/span><span class=\"s1\">e discours du pr\u00e9sident de la R\u00e9publique, Abdelmadjid Tebboune, prononc\u00e9 avant-hier soir, a \u00e9t\u00e9 diff\u00e9remment appr\u00e9ci\u00e9 par les Alg\u00e9riens, m\u00eame si, a priori, ceux qui s\u2019attendaient \u00e0 plus en mati\u00e8re de mesures allant dans le sens de la lutte contre la propagation du coronavirus (Covid-19) sont plus nombreux.<\/span><\/p>\n<p class=\"p7\"><span class=\"s1\">Bien \u00e9videmment, avec une hausse graduelle du nombre des contamin\u00e9s et de celui des d\u00e9c\u00e8s, m\u00eame si la situation n\u2019a pas encore atteint les pics enregistr\u00e9s ailleurs, notamment en Europe, des citoyens commencent \u00e0 s\u2019inqui\u00e9ter en raison de l\u2019\u00e9tat du secteur de la sant\u00e9 en Alg\u00e9rie qui ne pr\u00eate gu\u00e8re \u00e0 l\u2019assurance.<\/span><\/p>\n<p class=\"p7\"><span class=\"s1\">Plus d\u2019un a relev\u00e9 le fait que plusieurs chefs d\u2019Etat \u00e9trangers ont prononc\u00e9, lors des trois derniers jours, des discours de \u00abguerre\u00bb, alors que Tebboune a affirm\u00e9 que <em>\u00abla situation est sous contr\u00f4le\u00bb.<\/em><\/span><\/p>\n<p class=\"p7\"><span class=\"s1\"><em>\u00abLe discours rassurant de Tebboune ne me rassure gu\u00e8re\u00bb<\/em>, a \u00e9crit un internaute. <em>\u00abSi seulement Tebboune avait termin\u00e9 son discours par \u2018\u2018Bonne chance \u00e0 tous\u00a0!\u2019\u2019\u00bb<\/em>, a ajout\u00e9 un autre. <em>\u00abLa situation est sous contr\u00f4le, comment\u00a0?\u00bb<\/em> s\u2019est demand\u00e9, \u00e0 cet effet, Sa\u00efd Salhi, vice-pr\u00e9sident de la Ligue alg\u00e9rienne de d\u00e9fense des droits de l\u2019homme (LADDH).<\/span><\/p>\n<p class=\"p7\"><span class=\"s1\">Il est vrai qu\u2019au vu de l\u2019\u00e9volution des situations dans d\u2019autres pays, certains s\u2019attendaient \u00e0 ce que le chef de l\u2019Etat prenne des d\u00e9cisions de r\u00e9duction des regroupements de personnes plus drastiques, voire un confinement g\u00e9n\u00e9ralis\u00e9, comme c\u2019est le cas en Italie ou en France.<\/span><\/p>\n<p class=\"p7\"><span class=\"s1\"><em>\u00abLe confinement strict est pour le moment le moyen de pr\u00e9vention le plus adapt\u00e9 pour juguler la pand\u00e9mie\u00bb<\/em>, a indiqu\u00e9 pour sa part l\u2019ancien d\u00e9put\u00e9 Djamel Fardjallah. Beaucoup pensent la m\u00eame chose.<\/span><\/p>\n<p class=\"p7\"><span class=\"s1\">Bien \u00e9videmment, certains internautes estiment, par contre, que jusque-l\u00e0 la situation n\u2019a pas atteint des proportions graves et que, par cons\u00e9quent, les mesures prises sont plut\u00f4t suffisantes et r\u00e9pondent aux exigences de l\u2019heure.<\/span><\/p>\n<p class=\"p7\"><span class=\"s1\">A cet effet, le commentateur Lachemot Amar rapporte que <em>\u00abselon des sp\u00e9cialistes, l\u2019Alg\u00e9rie est entre la phase 1 et la phase 2\u00bb<\/em>. <em>\u00abLa France et l\u2019Italie, \u00e0 ce stade l\u00e0, n\u2019avaient<\/em> <em>pris aucune mesure. L\u2019Alg\u00e9rie a une avance de deux semaines par rapport \u00e0 ces deux pays pour ce qui est de la propagation du virus\u00bb<\/em>, a-t-il ajout\u00e9.<\/span><\/p>\n<p class=\"p7\"><span class=\"s1\">Il faut noter, en dernier lieu, que dans son discours d\u2019avant-hier, le pr\u00e9sident de la R\u00e9publique n\u2019a pas annonc\u00e9 globalement de nouvelles mesures par rapport \u00e0 ce qui a d\u00e9j\u00e0 \u00e9t\u00e9 d\u00e9cid\u00e9 pour freiner la propagation du virus, si ce n\u2019est l\u2019interdiction officielle de tout rassemblement.<\/span><\/p>\n<p class=\"p7\"><span class=\"s1\">Il s\u2019agit, rappelle-t-il, de <em>\u00abla fermeture de toutes les fronti\u00e8res terrestres avec les pays voisins avec \u00e9ventualit\u00e9 d\u2019autoriser des d\u00e9placements de personnes dans des cas exceptionnels, de commun accord avec les gouvernements des pays concern\u00e9s, la suspension imm\u00e9diate de tous les vols de et vers l\u2019Alg\u00e9rie, \u00e0 l\u2019exception des avions cargos ne transportant aucun voyageur et la fermeture imm\u00e9diate de la navigation maritime, \u00e0 l\u2019exception des navires de charge transportant des marchandises et des biens\u00bb<\/em>.<\/span><\/p>\n<p class=\"p7\"><span class=\"s1\">Il est question aussi de <em>\u00abla d\u00e9sinfection imm\u00e9diate de tous les moyens de transport public au niveau national et de wilaya, ainsi que les stations de transport de voyageurs, l\u2019interdiction des rassemblements et des marches quelles que soient leur forme et leur nature et l\u2019isolement de tout endroit suspect\u00e9 d\u2019\u00eatre un foyer de la pand\u00e9mie\u00bb<\/em>, tous comme <em>\u00abl\u2019interdiction de la pri\u00e8re du vendredi et des pri\u00e8res collectives\u00bb.<\/em><\/span><\/p>\n<p><span class=\"post-views-label\">Post Views:<\/span> <span class=\"post-views-count\">4\u00a0344<\/span><\/p>\n<p><br class=\"c2\"\/><br class=\"c6\"\/><\/p>\n<p>Auteur: Anis Khecheba<br \/>\n<a href=\"https:\/\/www.elwatan.com\/edition\/actualite\/tebboune-affirme-que-la-situation-est-sous-controle-un-discours-diversement-apprecie-19-03-2020\">Cliquez ici pour lire l&rsquo;article depuis sa source.<\/a><\/p>\n","protected":false},"excerpt":{"rendered":"<p>Face aux multiples interrogations, le pr\u00e9sident de la R\u00e9publique a tent\u00e9 de rassurer les Alg\u00e9riens. Le discours du pr\u00e9sident de la R\u00e9publique, Abdelmadjid Tebboune, prononc\u00e9 avant-hier soir, a \u00e9t\u00e9 diff\u00e9remment appr\u00e9ci\u00e9 par les Alg\u00e9riens, m\u00eame si, a priori, ceux qui s\u2019attendaient \u00e0 plus en mati\u00e8re de mesures allant dans le sens de la lutte contre [&hellip;]<\/p>\n","protected":false},"author":1743,"featured_media":79554,"comment_status":"closed","ping_status":"closed","sticky":false,"template":"","format":"standard","meta":{"fifu_image_url":"","fifu_image_alt":"","footnotes":""},"categories":[73,53],"tags":[],"class_list":["post-79553","post","type-post","status-publish","format-standard","has-post-thumbnail","hentry","category-actualite","category-algerie"],"_links":{"self":[{"href":"https:\/\/linitiative.ca\/International\/wp-json\/wp\/v2\/posts\/79553","targetHints":{"allow":["GET"]}}],"collection":[{"href":"https:\/\/linitiative.ca\/International\/wp-json\/wp\/v2\/posts"}],"about":[{"href":"https:\/\/linitiative.ca\/International\/wp-json\/wp\/v2\/types\/post"}],"author":[{"embeddable":true,"href":"https:\/\/linitiative.ca\/International\/wp-json\/wp\/v2\/users\/1743"}],"replies":[{"embeddable":true,"href":"https:\/\/linitiative.ca\/International\/wp-json\/wp\/v2\/comments?post=79553"}],"version-history":[{"count":0,"href":"https:\/\/linitiative.ca\/International\/wp-json\/wp\/v2\/posts\/79553\/revisions"}],"wp:featuredmedia":[{"embeddable":true,"href":"https:\/\/linitiative.ca\/International\/wp-json\/"}],"wp:attachment":[{"href":"https:\/\/linitiative.ca\/International\/wp-json\/wp\/v2\/media?parent=79553"}],"wp:term":[{"taxonomy":"category","embeddable":true,"href":"https:\/\/linitiative.ca\/International\/wp-json\/wp\/v2\/categories?post=79553"},{"taxonomy":"post_tag","embeddable":true,"href":"https:\/\/linitiative.ca\/International\/wp-json\/wp\/v2\/tags?post=79553"}],"curies":[{"name":"wp","href":"https:\/\/api.w.org\/{rel}","templated":true}]}}