{"id":79555,"date":"2020-03-19T05:12:03","date_gmt":"2020-03-19T09:12:03","guid":{"rendered":"https:\/\/linitiative.ca\/International\/prise-en-charge-des-cas-severes-de-covid-19-10-centres-de-reference-a-travers-le-pays\/"},"modified":"2020-03-19T05:12:03","modified_gmt":"2020-03-19T09:12:03","slug":"prise-en-charge-des-cas-severes-de-covid-19-10-centres-de-reference-a-travers-le-pays","status":"publish","type":"post","link":"https:\/\/linitiative.ca\/International\/prise-en-charge-des-cas-severes-de-covid-19-10-centres-de-reference-a-travers-le-pays\/","title":{"rendered":"Prise en charge des cas s\u00e9v\u00e8res de Covid-19 : 10 centres de r\u00e9f\u00e9rence \u00e0 travers le pays"},"content":{"rendered":"<h4 class=\"title-14\"\/>\n<div class=\"featured_image\"><img loading=\"lazy\" decoding=\"async\" width=\"1000\" height=\"399\" src=\"https:\/\/www.elwatan.com\/wp-content\/uploads\/2020\/03\/UNEEEE-1.gif\" class=\"attachment-post-thumbnail size-post-thumbnail wp-post-image\" alt=\"\"\/><\/div>\n<p class=\"p1\"><span class=\"s1\"><strong>Ces \u00e9tablissements sont aujourd\u2019hui mobilis\u00e9s pour \u00e9tablir les programmes de garde et d\u2019intervention en cas d\u2019augmentation du nombre de cas av\u00e9r\u00e9s positifs.<\/strong><\/span><\/p>\n<p class=\"p3\"><span class=\"s1\"><strong>U<\/strong><\/span><span class=\"s1\">ne dizaine de centres de r\u00e9f\u00e9rence ont \u00e9t\u00e9 identifi\u00e9s au niveau national pour assurer la prise en charge des patients s\u00e9v\u00e8rement atteints du Covid-19 en r\u00e9animation dans le cas d\u2019une forte \u00e9pid\u00e9mie, avons-nous appris de source s\u00fbre.<\/span><\/p>\n<p class=\"p4\"><span class=\"s1\">Ces \u00e9tablissements dot\u00e9s entre 20 \u00e0 80 lits de r\u00e9animation d\u00e9di\u00e9s sp\u00e9cialement pour assurer des soins intensifs sont r\u00e9partis dans les diff\u00e9rentes villes du pays (Annaba, Tizi Ouzou, Alger, Oran, Biskra, Blida, Adrar, etc.).<\/span><\/p>\n<p class=\"p4\"><span class=\"s1\">Ils sont en cours d\u2019\u00e9quipement en aspirateurs et autres moyens de prise en charge et de r\u00e9animation. \u00ab<em>Seuls les cas graves seront pris en charge au niveau de ces structures<\/em>.<\/span><\/p>\n<p class=\"p4\"><span class=\"s1\"><em>Elles sont compl\u00e8tement isol\u00e9es des autres structures hospitali\u00e8res pour \u00e9viter \u00e9ventuellement la contamination d\u2019autres patients hospitalis\u00e9s pour d\u2019autres motifs. Tous les m\u00e9decins anesth\u00e9sistes r\u00e9animateurs du pays seront mobilis\u00e9s pour intervenir en cas de besoin<\/em>\u00bb, pr\u00e9cise notre source.<\/span><\/p>\n<p class=\"p4\"><span class=\"s1\">Des lits de r\u00e9animation sont \u00e9galement r\u00e9quisitionn\u00e9s dans les diff\u00e9rents \u00e9tablissements hospitaliers, tels que les CHU, les EHS et autres structures et dans les \u00e9tablissements de chaque chef-lieu de wilaya. <em>\u00abEntre huit \u00e0 dix lits seront r\u00e9quisitionn\u00e9s par chaque \u00e9tablissement afin justement de r\u00e9partir les malades selon l\u2019\u00e9volution de leur \u00e9tat de sant\u00e9<\/em>\u00bb, ajoute notre source.<\/span><\/p>\n<p class=\"p4\"><span class=\"s1\">Tous ces \u00e9tablissements sont aujourd\u2019hui mobilis\u00e9s pour \u00e9tablir les programmes de garde et d\u2019intervention en cas d\u2019augmentation du nombre de cas av\u00e9r\u00e9s positifs dont l\u2019\u00e9tat de sant\u00e9 n\u00e9cessite une hospitalisation en r\u00e9animation.<\/span><\/p>\n<p class=\"p4\"><span class=\"s1\">Au niveau du CHU de Bab El Oued \u00e0 Alger, un service de r\u00e9animation d\u00e9di\u00e9 sp\u00e9cialement au Covid-19 est aujourd\u2019hui en pr\u00e9paration au niveau du service de pneumologie.\u00a0\u00ab<em>Les \u00e9ventuels cas contamin\u00e9s qui n\u00e9cessiteront des soins en r\u00e9animation seront hospitalis\u00e9s au niveau de ce service, loin des autres patients hospitalis\u00e9s pour \u00e9viter les contaminations.<\/em><\/span><\/p>\n<p class=\"p4\"><span class=\"s1\"><em>Un service consultation Covid-19<\/em> <em>a \u00e9t\u00e9 \u00e9galement d\u00e9gag\u00e9 et nous sommes sur le point de finaliser le programme d\u2019intervention en mettant en place les moyens mat\u00e9riel et humain.<\/em><\/span><\/p>\n<p class=\"p4\"><span class=\"s1\"><em>Tout doit \u00eatre pr\u00eat pour dimanche prochain<\/em>\u00bb, a confi\u00e9 le P<sup>r<\/sup> Fatima Labaci, chef de service des urgences m\u00e9dico-chirurgicales au CHU de Bab El Oued, en pr\u00e9cisant que pr\u00e8s d\u2019une quarantaine de lits de r\u00e9animation r\u00e9partis sur les services des urgences, les urgences chirurgicales et la r\u00e9animation m\u00e9dicale seront aussi r\u00e9quisitionn\u00e9s.<\/span><\/p>\n<p class=\"p4\"><span class=\"s1\">Elle signale qu\u2019une liste d\u2019une cinquantaine d\u2019assistants r\u00e9animateurs m\u00e9dicaux et anesth\u00e9sistes r\u00e9animateurs a \u00e9t\u00e9 \u00e9tablie, sans oublier les m\u00e9decins r\u00e9sidents qui seront \u00e9galement mobilis\u00e9s.<\/span><\/p>\n<p class=\"p4\"><span class=\"s1\">Interrog\u00e9e sur la disponibilit\u00e9 des moyens de prise en charge, le P<sup>r<\/sup> Labaci signale que <em>\u00abpour le moment, nous avons de quoi commencer \u00e0 prendre en charge les \u00e9ventuels premiers cas qui vont arriver. Mais il est clair que si le nombre des cas augmente, on doit pr\u00e9voir des moyens suppl\u00e9mentaires.<\/em><\/span><\/p>\n<p class=\"p4\"><span class=\"s1\"><em>Nous ne souhaitons pas en arriver l\u00e0\u00bb<\/em>. Par ailleurs, le minist\u00e8re de la Sant\u00e9 rassure que d\u2019importantes quantit\u00e9s d\u2019\u00e9quipements n\u00e9cessaires pour la prise en charge des malades sont en cours d\u2019acquisition.<\/span><\/p>\n<p><span class=\"post-views-label\">Post Views:<\/span> <span class=\"post-views-count\">5\u00a0443<\/span><\/p>\n<p><br class=\"c2\"\/><br class=\"c6\"\/><\/p>\n<p>Auteur: Anis Khecheba<br \/>\n<a href=\"https:\/\/www.elwatan.com\/edition\/actualite\/prise-en-charge-des-cas-severes-de-covid-19-10-centres-de-reference-a-travers-le-pays-19-03-2020\">Cliquez ici pour lire l&rsquo;article depuis sa source.<\/a><\/p>\n","protected":false},"excerpt":{"rendered":"<p>Ces \u00e9tablissements sont aujourd\u2019hui mobilis\u00e9s pour \u00e9tablir les programmes de garde et d\u2019intervention en cas d\u2019augmentation du nombre de cas av\u00e9r\u00e9s positifs. Une dizaine de centres de r\u00e9f\u00e9rence ont \u00e9t\u00e9 identifi\u00e9s au niveau national pour assurer la prise en charge des patients s\u00e9v\u00e8rement atteints du Covid-19 en r\u00e9animation dans le cas d\u2019une forte \u00e9pid\u00e9mie, avons-nous [&hellip;]<\/p>\n","protected":false},"author":1743,"featured_media":79556,"comment_status":"closed","ping_status":"closed","sticky":false,"template":"","format":"standard","meta":{"fifu_image_url":"","fifu_image_alt":"","footnotes":""},"categories":[73,53],"tags":[],"class_list":["post-79555","post","type-post","status-publish","format-standard","has-post-thumbnail","hentry","category-actualite","category-algerie"],"_links":{"self":[{"href":"https:\/\/linitiative.ca\/International\/wp-json\/wp\/v2\/posts\/79555","targetHints":{"allow":["GET"]}}],"collection":[{"href":"https:\/\/linitiative.ca\/International\/wp-json\/wp\/v2\/posts"}],"about":[{"href":"https:\/\/linitiative.ca\/International\/wp-json\/wp\/v2\/types\/post"}],"author":[{"embeddable":true,"href":"https:\/\/linitiative.ca\/International\/wp-json\/wp\/v2\/users\/1743"}],"replies":[{"embeddable":true,"href":"https:\/\/linitiative.ca\/International\/wp-json\/wp\/v2\/comments?post=79555"}],"version-history":[{"count":0,"href":"https:\/\/linitiative.ca\/International\/wp-json\/wp\/v2\/posts\/79555\/revisions"}],"wp:featuredmedia":[{"embeddable":true,"href":"https:\/\/linitiative.ca\/International\/wp-json\/"}],"wp:attachment":[{"href":"https:\/\/linitiative.ca\/International\/wp-json\/wp\/v2\/media?parent=79555"}],"wp:term":[{"taxonomy":"category","embeddable":true,"href":"https:\/\/linitiative.ca\/International\/wp-json\/wp\/v2\/categories?post=79555"},{"taxonomy":"post_tag","embeddable":true,"href":"https:\/\/linitiative.ca\/International\/wp-json\/wp\/v2\/tags?post=79555"}],"curies":[{"name":"wp","href":"https:\/\/api.w.org\/{rel}","templated":true}]}}