{"id":79557,"date":"2020-03-19T08:42:00","date_gmt":"2020-03-19T12:42:00","guid":{"rendered":"https:\/\/linitiative.ca\/International\/ridha-tlili-covid-19-et-la-libre-pensee\/"},"modified":"2020-03-19T08:42:00","modified_gmt":"2020-03-19T12:42:00","slug":"ridha-tlili-covid-19-et-la-libre-pensee","status":"publish","type":"post","link":"https:\/\/linitiative.ca\/International\/ridha-tlili-covid-19-et-la-libre-pensee\/","title":{"rendered":"Ridha Tlili: Covid-19 et la libre pens\u00e9e"},"content":{"rendered":"<p>Au-del\u00e0 de l\u2019\u00e9lan du volontarisme politique et des discours m\u00e9diatiques path\u00e9tiques qui dominent aujourd\u2019hui la soci\u00e9t\u00e9, il est aussi de notre devoir de chercher \u00e0 comprendre le ph\u00e9nom\u00e8ne dit \u00ab Covid-19 \u00bb : et surtout comment le d\u00e9finir ?<\/p>\n<p><span class=\"c2\"><strong>\u2022<\/strong><\/span> Est-ce une invasion m\u00e9diatique \u00e0 l\u2019\u00e9chelle plan\u00e9taire suite \u00e0 10.000 d\u00e9c\u00e8s \u00e0 peine en Occident dans un monde qui compte quelques milliards d\u2019habitants ? Bien entendu je ne cherche pas \u00e0 minimiser la gravit\u00e9 de cette pand\u00e9mie, tout ce qui touche l\u2019humain partout dans le monde me concerne, juste un rappel : le nombre de morts en Afrique suite \u00e0 l\u2019\u00e9pid\u00e9mie Ebola s\u2019\u00e9l\u00e8ve \u00e0 20.000.<\/p>\n<p><span class=\"c2\"><strong>\u2022<\/strong><\/span> \u00ab Covid-19 \u00bb est-ce qu\u2019il s\u2019agit d\u2019une strat\u00e9gie g\u00e9opolitique qui au d\u00e9part visant \u00e0 culpabiliser et \u00e0 isoler la Chine du monde Occidental, \u00ab saint \u00bb o\u00f9 la sant\u00e9 de ses citoyens est suppos\u00e9e sacr\u00e9e ?<\/p>\n<p><span class=\"c2\"><strong>\u2022<\/strong><\/span> \u00ab Covid-19 \u00bb Est-ce juste un accident d\u00fb au retard de la recherche scientifique et m\u00e9dicale, pourtant rien qu\u2019avec l\u2019ADN l\u2019histoire g\u00e9n\u00e9tique d\u2019une personne peut \u00eatre identifi\u00e9e sur une dur\u00e9e de trois milles ans !<\/p>\n<p><span class=\"c2\"><strong>\u2022<\/strong><\/span> \u00ab Le Covid-19 \u00bb n\u2019apparait-il pas dans ce sens comme un paradoxe troublant, une \u00e9nigme, un d\u00e9ni, une sid\u00e9ration par rapport au d\u00e9veloppement et aux avanc\u00e9es inexorables de la science dans tous les domaines ?<\/p>\n<p><span class=\"c2\"><strong>\u2022<\/strong><\/span> Comment des puissances militaires comme la France et les USA qui disposent d\u2019un armement ultra sophistiqu\u00e9 se font attaquer et se font \u00e9branler par un minuscule virus, vagabond, SDF , batard de p\u00e8re et de m\u00e8re inconnus , dont la race n\u2019est toujours pas identifi\u00e9e , sommes-nous d\u00e9j\u00e0 dans la fiction de la quatri\u00e8me dimension ?<\/p>\n<p>Par ailleurs, ce fameux \u00ab Covid- 19 \u00bb n\u2019est-il pas \u00e9galement un signal qui annonce l\u2019incomp\u00e9tence de la classe politique et des gouvernements \u00e0 g\u00e9rer les crises singuli\u00e8res, ou bien, tout simplement, la sant\u00e9 politique n\u2019est plus un objectif ni une priorit\u00e9 des gouvernements actuels, d\u2019o\u00f9 la question incontournable : Est-ce que ces gouvernements sont-ils encore au service de leurs peuples ?<\/p>\n<p>Enfin la question de la solidarit\u00e9 telle quelle est envisag\u00e9e en Tunisie, n\u2019est-elle pas anachronique et rel\u00e8ve desr\u00e9gimes autoritaires.<\/p>\n<p>En effet, dans un r\u00e9gime d\u00e9mocratique o\u00f9 le gouvernement est \u00e9lu, en principe par le peuple, il est de son devoir d\u2019\u00eatre solidaire avec le peuple, alors que, pour le moment par des divers m\u00e9canismes ( 18-18\u2026) c\u2019est, seul le peuple qui est solidaire avec le gouvernement . Ce dernier n\u2019a toujours pas exprim\u00e9 sa solidarit\u00e9 avec le peuple : Il aurait pu se montrer solidaire et g\u00e9n\u00e9reux en donnant l\u2019exemple (au moins pour soigner son image) et c, en distribuant le savon gratuitement, en baissant les prix de 50 % de produits d\u00e9sinfectants, en envahissant le march\u00e9 par des millions de flacon de gelsnettoyants pour les mains \u00e0 des prix symboliques de 500 millimes au plus\u2026<\/p>\n<p>Si cela n\u2019est pas fait, dans l\u2019imm\u00e9diat, dansquelques ann\u00e9es l\u2019histoire dira que cette \u00ab superbe campagne \u00bb de solidarit\u00e9 n\u2019\u00e9tait en fait qu\u2019une manipulation populiste.<\/p>\n<p class=\"c3\"><strong>Ridha Tlili<\/strong><\/p>\n<p>Auteur:<br \/>\n<a href=\"https:\/\/www.leaders.com.tn\/article\/29404-ridha-tlili-covid-19-et-la-libre-pensee\">Cliquez ici pour lire l&rsquo;article depuis sa source.<\/a><\/p>\n","protected":false},"excerpt":{"rendered":"<p>Au-del\u00e0 de l\u2019\u00e9lan du volontarisme politique et des discours m\u00e9diatiques path\u00e9tiques qui dominent aujourd\u2019hui la soci\u00e9t\u00e9, il est aussi de notre devoir de chercher \u00e0 comprendre le ph\u00e9nom\u00e8ne dit \u00ab Covid-19 \u00bb : et surtout comment le d\u00e9finir ? \u2022 Est-ce une invasion m\u00e9diatique \u00e0 l\u2019\u00e9chelle plan\u00e9taire suite \u00e0 10.000 d\u00e9c\u00e8s \u00e0 peine en Occident [&hellip;]<\/p>\n","protected":false},"author":1772,"featured_media":0,"comment_status":"closed","ping_status":"closed","sticky":false,"template":"","format":"standard","meta":{"fifu_image_url":"","fifu_image_alt":"","footnotes":""},"categories":[73,55],"tags":[],"class_list":["post-79557","post","type-post","status-publish","format-standard","hentry","category-actualite","category-tunisie"],"_links":{"self":[{"href":"https:\/\/linitiative.ca\/International\/wp-json\/wp\/v2\/posts\/79557","targetHints":{"allow":["GET"]}}],"collection":[{"href":"https:\/\/linitiative.ca\/International\/wp-json\/wp\/v2\/posts"}],"about":[{"href":"https:\/\/linitiative.ca\/International\/wp-json\/wp\/v2\/types\/post"}],"author":[{"embeddable":true,"href":"https:\/\/linitiative.ca\/International\/wp-json\/wp\/v2\/users\/1772"}],"replies":[{"embeddable":true,"href":"https:\/\/linitiative.ca\/International\/wp-json\/wp\/v2\/comments?post=79557"}],"version-history":[{"count":0,"href":"https:\/\/linitiative.ca\/International\/wp-json\/wp\/v2\/posts\/79557\/revisions"}],"wp:attachment":[{"href":"https:\/\/linitiative.ca\/International\/wp-json\/wp\/v2\/media?parent=79557"}],"wp:term":[{"taxonomy":"category","embeddable":true,"href":"https:\/\/linitiative.ca\/International\/wp-json\/wp\/v2\/categories?post=79557"},{"taxonomy":"post_tag","embeddable":true,"href":"https:\/\/linitiative.ca\/International\/wp-json\/wp\/v2\/tags?post=79557"}],"curies":[{"name":"wp","href":"https:\/\/api.w.org\/{rel}","templated":true}]}}