{"id":79559,"date":"2020-03-19T10:18:00","date_gmt":"2020-03-19T14:18:00","guid":{"rendered":"https:\/\/linitiative.ca\/International\/grace-presidentielle-en-plus-du-quota-habituel-du-20-mars-kais-saied-demande-une-liste-additionnelle-pour-decongestionner-les-prisons-video\/"},"modified":"2020-03-19T10:18:00","modified_gmt":"2020-03-19T14:18:00","slug":"grace-presidentielle-en-plus-du-quota-habituel-du-20-mars-kais-saied-demande-une-liste-additionnelle-pour-decongestionner-les-prisons-video","status":"publish","type":"post","link":"https:\/\/linitiative.ca\/International\/grace-presidentielle-en-plus-du-quota-habituel-du-20-mars-kais-saied-demande-une-liste-additionnelle-pour-decongestionner-les-prisons-video\/","title":{"rendered":"Gr\u00e2ce pr\u00e9sidentielle : En plus du quota habituel du 20 mars, Kais Sa\u00efed demande une liste additionnelle pour d\u00e9congestionner les prisons (Vid\u00e9o)"},"content":{"rendered":"<p>Pas moins de 670 d\u00e9tenus dans les prisons tunisiennes suite \u00e0 une condamnation p\u00e9nale seront lib\u00e9r\u00e9s \u00e0 titre conditionnel d\u00e8s ce soir, b\u00e9n\u00e9ficiant d&rsquo;une gr\u00e2ce pr\u00e9sidentielle qui leur a \u00e9t\u00e9 accord\u00e9e dans le cadre de la c\u00e9l\u00e9bration de la f\u00eate de l\u2019Ind\u00e9pendance. Aussi, cette m\u00eame gr\u00e2ce, mais sous forme de remise de peine, a b\u00e9n\u00e9fici\u00e9 \u00e0 1186 condamn\u00e9s, soit un total de 1856 d\u00e9tenus. C\u2019est ce qu\u2019a d\u00e9cid\u00e9 le pr\u00e9sident Ka\u00efs Sa\u00efed, recevant jeudi matin, en pr\u00e9sence de la ministre de la Justice, Thouraya Jeribi, les membres de la commission des gr\u00e2ces.<\/p>\n<p class=\"c2\"><img decoding=\"async\" src=\"\/uploads\/FCK_files\/90682283_3058998854158151_3379444482272395264_o(1).jpg\" alt=\"\" width=\"100%\" vspace=\"5\" hspace=\"5\" align=\"middle\"\/><\/p>\n<p>Faisant \u00e9cho \u00e0 la demande pressante demande de d\u00e9congestionner les prisons et de lib\u00e9rer un grand nombre de d\u00e9tenus entre pr\u00e9venus qui attendent leur jugement et condamn\u00e9s qui ne repr\u00e9sentent pas un danger \u00e0 la s\u00e9curit\u00e9 et l\u2019ordre public, il a instruit la commission afin d\u2019examiner une nouvelle liste d\u2019\u00e9ligibles \u00e0 la gr\u00e2ce pr\u00e9sidentielle. Cette demande avait \u00e9t\u00e9 port\u00e9e notamment par le d\u00e9put\u00e9 de Tahya Tounes \u00e0 l\u2019ARP et ancien ministre, Hichem Ben Ahmed. Selon le communiqu\u00e9 de Carthage, le chef de l\u2019Etat a saisi cette occasion pour s\u2019enqu\u00e9rir des mesures d\u2019hygi\u00e8ne et de barrage \u00e0 la pand\u00e9mie du Covid-19 dans les \u00e9tablissements p\u00e9nitenciers, recommandant leur renforcement.<\/p>\n<p class=\"c2\"><iframe loading=\"lazy\" src=\"https:\/\/www.youtube.com\/embed\/KwDrDVCmXDg\" allow=\"accelerometer; autoplay; encrypted-media; gyroscope; picture-in-picture\" allowfullscreen=\"\" width=\"560\" height=\"315\" frameborder=\"0\">[embedded content]<\/iframe><\/p>\n<p>La commission des gr\u00e2ce est compos\u00e9e du Procureur d\u2019Etat g\u00e9n\u00e9ral, Imed Derouiche, le Procureur g\u00e9n\u00e9ral charg\u00e9 des Affaires p\u00e9nales, Jamel S\u2019haba et le directeur g\u00e9n\u00e9ral des Services p\u00e9nitenciers, Ely\u00e8s Zall\u00e8gue.<br \/>\u00a0<\/p>\n<p>Auteur:<br \/>\n<a href=\"https:\/\/www.leaders.com.tn\/article\/29406-grace-presidentielle-en-plus-du-quota-habituel-du-20-mars-kais-saied-demande-une-liste-additionnelle-pour-decongestionner-les-prisons\">Cliquez ici pour lire l&rsquo;article depuis sa source.<\/a><\/p>\n","protected":false},"excerpt":{"rendered":"<p>Pas moins de 670 d\u00e9tenus dans les prisons tunisiennes suite \u00e0 une condamnation p\u00e9nale seront lib\u00e9r\u00e9s \u00e0 titre conditionnel d\u00e8s ce soir, b\u00e9n\u00e9ficiant d&rsquo;une gr\u00e2ce pr\u00e9sidentielle qui leur a \u00e9t\u00e9 accord\u00e9e dans le cadre de la c\u00e9l\u00e9bration de la f\u00eate de l\u2019Ind\u00e9pendance. Aussi, cette m\u00eame gr\u00e2ce, mais sous forme de remise de peine, a b\u00e9n\u00e9fici\u00e9 [&hellip;]<\/p>\n","protected":false},"author":1772,"featured_media":79560,"comment_status":"closed","ping_status":"closed","sticky":false,"template":"","format":"standard","meta":{"fifu_image_url":"","fifu_image_alt":"","footnotes":""},"categories":[73,55],"tags":[],"class_list":["post-79559","post","type-post","status-publish","format-standard","has-post-thumbnail","hentry","category-actualite","category-tunisie"],"_links":{"self":[{"href":"https:\/\/linitiative.ca\/International\/wp-json\/wp\/v2\/posts\/79559","targetHints":{"allow":["GET"]}}],"collection":[{"href":"https:\/\/linitiative.ca\/International\/wp-json\/wp\/v2\/posts"}],"about":[{"href":"https:\/\/linitiative.ca\/International\/wp-json\/wp\/v2\/types\/post"}],"author":[{"embeddable":true,"href":"https:\/\/linitiative.ca\/International\/wp-json\/wp\/v2\/users\/1772"}],"replies":[{"embeddable":true,"href":"https:\/\/linitiative.ca\/International\/wp-json\/wp\/v2\/comments?post=79559"}],"version-history":[{"count":0,"href":"https:\/\/linitiative.ca\/International\/wp-json\/wp\/v2\/posts\/79559\/revisions"}],"wp:featuredmedia":[{"embeddable":true,"href":"https:\/\/linitiative.ca\/International\/wp-json\/"}],"wp:attachment":[{"href":"https:\/\/linitiative.ca\/International\/wp-json\/wp\/v2\/media?parent=79559"}],"wp:term":[{"taxonomy":"category","embeddable":true,"href":"https:\/\/linitiative.ca\/International\/wp-json\/wp\/v2\/categories?post=79559"},{"taxonomy":"post_tag","embeddable":true,"href":"https:\/\/linitiative.ca\/International\/wp-json\/wp\/v2\/tags?post=79559"}],"curies":[{"name":"wp","href":"https:\/\/api.w.org\/{rel}","templated":true}]}}