{"id":79561,"date":"2020-03-19T10:40:00","date_gmt":"2020-03-19T14:40:00","guid":{"rendered":"https:\/\/linitiative.ca\/International\/ahmed-friaa-le-coronavirus-quelles-lecons-en-tirer\/"},"modified":"2020-03-19T10:40:00","modified_gmt":"2020-03-19T14:40:00","slug":"ahmed-friaa-le-coronavirus-quelles-lecons-en-tirer","status":"publish","type":"post","link":"https:\/\/linitiative.ca\/International\/ahmed-friaa-le-coronavirus-quelles-lecons-en-tirer\/","title":{"rendered":"Ahmed Friaa &#8211; Le Coronavirus : Quelles le\u00e7ons en tirer"},"content":{"rendered":"<p>Notre pays se trouve confront\u00e9, comme la plupart des autres pays, \u00e0 une redoutable pand\u00e9mie, caus\u00e9e par le d\u00e9sormais c\u00e9l\u00e8bre coronavirus. Cette pand\u00e9mie inqui\u00e8te \u00e0 juste titre nos concitoyens, non pas tant en raison de sa gravit\u00e9, d\u2019autres types de virus sont plus redoutables et induisent un taux de mortalit\u00e9 nettement plus \u00e9lev\u00e9, mais en raison de son fort pouvoir de diffusion parmi la population.\u00a0 Ce qui, en l\u2019absence de d\u00e9cisions draconiennes,\u00a0 conduit \u00e0 un nombre de personnes infect\u00e9es en croissance exponentielle, entrainant rapidement une saturation des unit\u00e9s de soins et l\u2019impossibilit\u00e9 mat\u00e9rielle de prendre en charge le restant des personnes infect\u00e9es, ce qui naturellement met en p\u00e9ril leur survie.<\/p>\n<p>Si bien que, face \u00e0 un virus \u00e0 fort facteur de diffusion, et on n\u2019a pas besoin de grands sp\u00e9cialistes pour le confirmer, le bon sens recommande, parmi les mesures les plus urgentes, d\u2019\u00e9viter au mieux les contacts physiques entre individus. Et comme le virus s\u2019affranchit de toute contrainte g\u00e9ographique, sociale ou temporelle, cette mesure doit s\u2019appliquer, ind\u00e9pendamment du lieu o\u00f9 l\u2019on se trouve et de l\u2019heure consid\u00e9r\u00e9e. C\u2019est ce qui rend caduque toute mesure du type couvre-feu ne concernant pas toute la journ\u00e9e. Les grands pays n&rsquo;ont d\u2019ailleurs pas pris une telle mesure. Ils ont en revanche, et \u00e0 juste titre, pris des mesures de nature \u00e0 \u00e9viter le regroupement d\u2019individus et encourager le confinement et le travail \u00e0 distance, \u00e0 chaque fois qu&rsquo;il est possible.<\/p>\n<p>Evidemment, cette mesure, qui peut aller jusqu\u2019au confinement de la population d\u2019une r\u00e9gion ou de toute la population d\u2019un pays, comme ce fut le cas en Chine, en Italie et ailleurs, et malgr\u00e9 son importance, n\u2019est certes pas suffisante. Elle doit \u00eatre consolid\u00e9e par d\u2019autres mesures aussi n\u00e9cessaires. Certaines de ces mesures sont urgentes, d\u2019autres sont d\u2019ordre strat\u00e9gique.<\/p>\n<p>Concernant les mesures urgentes, il convient de mettre en place toute une strat\u00e9gie et mobiliser les ressources humaines et mat\u00e9rielles n\u00e9cessaires \u00e0 sa mise en application, pour\u00a0 accueillir et soigner au mieux les personnes infect\u00e9es, prot\u00e9ger les personnes \u00e0 risque, les personnes n\u00e9cessiteuses, le personnel soignant, m\u00e9dical et param\u00e9dical, de m\u00eame que les personnels des forces de s\u00e9curit\u00e9 et des forces arm\u00e9es. Il convient \u00e0 cet \u00e9gard, de rendre hommage \u00e0 tous ceux qui, malgr\u00e9 des moyens limit\u00e9s, font preuve de bravoure, d\u2019abn\u00e9gation et d\u2019un sens aigu de la responsabilit\u00e9 pour soulager la souffrance des malades et lutter contre cette maudite pand\u00e9mie. Il convient en outre de prendre des mesures urgentes, courageuses et ambitieuses, pour venir en aide aux entreprises qui ne manqueront pas d\u2019\u00eatre impact\u00e9es par cette pand\u00e9mie et par le ralentissement des activit\u00e9s \u00e9conomiques, y compris \u00e0 l\u2019\u00e9chelle internationale. Il est de notre devoir \u00e0 tous de sauvegarder notre tissu \u00e9conomique et les centaines de milliers d\u2019emplois qu\u2019il g\u00e9n\u00e8re. A cet \u00e9gard, il convient de se dessaisir des dogmes d\u2019une \u00e9conomie politique d\u00e9pass\u00e9e et bien comprendre que toute politique dont la finalit\u00e9 est autre que l\u2019homme et son bien \u00eatre est vou\u00e9e \u00e0 l\u2019\u00e9chec et \u00e0 la d\u00e9ch\u00e9ance.<\/p>\n<p>Pour ce qui rel\u00e8ve de la strat\u00e9gie, il est temps de comprendre que la seule voie pour permettre \u00e0 nos concitoyens de r\u00eaver \u00e0 un avenir meilleur, est la voie du savoir. On le constate \u00e0 l\u2019occasion de cette pand\u00e9mie. Tout le monde est dans l\u2019attente d\u2019un rem\u00e8de ou d\u2019un vaccin pour combattre ce virus et on imagine les sommes colossales qu\u2019engrangera le pays qui arrivera le premier \u00e0 relever ce d\u00e9fi, par une efficiente maitrise du savoir. De m\u00eame, les \u00e9quipements et les m\u00e9dicaments qui permettent de traiter les sympt\u00f4mes de l\u2019affection sont fortement demand\u00e9s \u00e0 l\u2019\u00e9chelle mondiale et certains produits connaissent une p\u00e9nurie. D\u2019o\u00f9 la n\u00e9cessit\u00e9 de mettre en place une politique nationale en vue de pr\u00e9munir notre pays, au mieux possible, contre toute subordination \u00e0 l\u2019\u00e9tranger pour des produits touchant \u00e0 la sant\u00e9 et \u00e0 la vie de nos concitoyens.<\/p>\n<p>C\u2019est pourquoi, je propose la cr\u00e9ation d\u2019un institut national de recherche dans les domaines strat\u00e9giques, dot\u00e9 d\u2019un mode de gestion souple et flexible et d\u2019une grande autonomie, qui sera charg\u00e9 de deux missions principales notamment :<\/p>\n<p><span class=\"c2\"><strong>1-<\/strong><\/span> Assurer une veille scientifique et technologique, en vue d\u2019\u00e9clairer les pouvoirs publics quant aux \u00e9volutions rapides que connait notre monde contemporain et leurs impacts sur notre soci\u00e9t\u00e9 et notre \u00e9conomie.<\/p>\n<p><span class=\"c2\"><strong>2-<\/strong><\/span> Mener des recherches dans les domaines strat\u00e9giques et particuli\u00e8rement dans les domaines touchant \u00e0 la sant\u00e9 de nos concitoyens et l\u2019avenir des g\u00e9n\u00e9rations futures.<\/p>\n<p>A cet effet, cet institut regroupera la fine fleur de nos \u00e9lites dans les diff\u00e9rentes sp\u00e9cialit\u00e9s, fera appel \u00e0 nos cadres et chercheurs qui exercent \u00e0 l\u2019\u00e9tranger et tissera des relations de partenariat avec les centres de recherche similaire \u00e0 l\u2019\u00e9tranger.<\/p>\n<p>De tels instituts existent dans des pays \u00e9trangers et leur efficacit\u00e9 est prouv\u00e9e, \u00e0 condition de les extraire \u00e0 toute rigidit\u00e9 administrative et veiller, dans les conditions de recrutement du personnel, au respect de deux conditions majeures : la comp\u00e9tence et le d\u00e9vouement \u00e0 l\u2019int\u00e9r\u00eat national.<\/p>\n<p>Je finirai par r\u00e9it\u00e9rer l\u2019appel suivant aux autorit\u00e9s concern\u00e9es : Le devoir national recommande de mettre la sauvegarde de la sant\u00e9 des Tunisiens au-dessus de tout autre consid\u00e9ration. Prenez des mesures urgentes pour \u00e9viter au plus les contacts entre individus et rassurez nos op\u00e9rateurs \u00e9conomiques en proposant un vrai soutien aux entreprises qui ne manqueront pas d\u2019\u00eatre impact\u00e9es par cette pand\u00e9mie qui risque de durer encore pour quelque temps et mobilisez nos chercheurs pour mettre au point du mat\u00e9riel d\u00e9sinfectant. Nous avons encore, heureusement, de bons sp\u00e9cialistes en robotique, en m\u00e9catronique et dans les autres sp\u00e9cialit\u00e9s pour pouvoir atteindre un tel noble objectif.<\/p>\n<p>Et, que Dieu pr\u00e9serve notre ch\u00e8re patrie.<\/p>\n<p class=\"c3\"><strong>Pr. Ahmed Friaa<\/strong><\/p>\n<p>Auteur:<br \/>\n<a href=\"https:\/\/www.leaders.com.tn\/article\/29407-ahmed-friaa-le-coronavirus-quelles-lecons-en-tirer\">Cliquez ici pour lire l&rsquo;article depuis sa source.<\/a><\/p>\n","protected":false},"excerpt":{"rendered":"<p>Notre pays se trouve confront\u00e9, comme la plupart des autres pays, \u00e0 une redoutable pand\u00e9mie, caus\u00e9e par le d\u00e9sormais c\u00e9l\u00e8bre coronavirus. Cette pand\u00e9mie inqui\u00e8te \u00e0 juste titre nos concitoyens, non pas tant en raison de sa gravit\u00e9, d\u2019autres types de virus sont plus redoutables et induisent un taux de mortalit\u00e9 nettement plus \u00e9lev\u00e9, mais en [&hellip;]<\/p>\n","protected":false},"author":1772,"featured_media":0,"comment_status":"closed","ping_status":"closed","sticky":false,"template":"","format":"standard","meta":{"fifu_image_url":"","fifu_image_alt":"","footnotes":""},"categories":[73,55],"tags":[],"class_list":["post-79561","post","type-post","status-publish","format-standard","hentry","category-actualite","category-tunisie"],"_links":{"self":[{"href":"https:\/\/linitiative.ca\/International\/wp-json\/wp\/v2\/posts\/79561","targetHints":{"allow":["GET"]}}],"collection":[{"href":"https:\/\/linitiative.ca\/International\/wp-json\/wp\/v2\/posts"}],"about":[{"href":"https:\/\/linitiative.ca\/International\/wp-json\/wp\/v2\/types\/post"}],"author":[{"embeddable":true,"href":"https:\/\/linitiative.ca\/International\/wp-json\/wp\/v2\/users\/1772"}],"replies":[{"embeddable":true,"href":"https:\/\/linitiative.ca\/International\/wp-json\/wp\/v2\/comments?post=79561"}],"version-history":[{"count":0,"href":"https:\/\/linitiative.ca\/International\/wp-json\/wp\/v2\/posts\/79561\/revisions"}],"wp:attachment":[{"href":"https:\/\/linitiative.ca\/International\/wp-json\/wp\/v2\/media?parent=79561"}],"wp:term":[{"taxonomy":"category","embeddable":true,"href":"https:\/\/linitiative.ca\/International\/wp-json\/wp\/v2\/categories?post=79561"},{"taxonomy":"post_tag","embeddable":true,"href":"https:\/\/linitiative.ca\/International\/wp-json\/wp\/v2\/tags?post=79561"}],"curies":[{"name":"wp","href":"https:\/\/api.w.org\/{rel}","templated":true}]}}