{"id":79573,"date":"2020-03-19T16:49:11","date_gmt":"2020-03-19T20:49:11","guid":{"rendered":"https:\/\/linitiative.ca\/International\/tunisie-lotfi-mraihi-repond-aux-personne-qui-lon-attaque-suite-a-sa-contamination-par-le-coronavirus\/"},"modified":"2020-03-19T16:49:11","modified_gmt":"2020-03-19T20:49:11","slug":"tunisie-lotfi-mraihi-repond-aux-personne-qui-lon-attaque-suite-a-sa-contamination-par-le-coronavirus","status":"publish","type":"post","link":"https:\/\/linitiative.ca\/International\/tunisie-lotfi-mraihi-repond-aux-personne-qui-lon-attaque-suite-a-sa-contamination-par-le-coronavirus\/","title":{"rendered":"Tunisie : Lotfi Mra\u00efhi r\u00e9pond aux personne qui l\u2019on attaqu\u00e9 suite \u00e0 sa contamination par le coronavirus"},"content":{"rendered":"<div class=\"post-cont-in left relative\">\n<p>Le secr\u00e9taire g\u00e9n\u00e9ral du parti Union populaire r\u00e9publicaine (UPR) Lotfi Mraihi, a publi\u00e9 un post sur sa page Facebook, apr\u00e8s avoir \u00e9t\u00e9 test\u00e9 positif au <a href=\"https:\/\/www.tunisienumerique.com\/tunisie-actualite\/coronavirus\/\" title=\"coronavirus\" target=\"_top\" class=\"auto-link\" rel=\"noopener noreferrer\">coronavirus<\/a>. Ce message a provoqu\u00e9 beaucoup de r\u00e9actions.<\/p>\n<div class=\"code-block code-block-1 c3\"><ins class=\"adsbygoogle c2\" data-ad-layout=\"in-article\" data-ad-format=\"fluid\" data-ad-client=\"ca-pub-2102118777505746\" data-ad-slot=\"7301775417\"\/> <\/div>\n<p>A cet effet, le politicien a exprim\u00e9 son \u00e9tonnement de ces r\u00e9actions, en publiant un autre poste Facebook indiquant que ces r\u00e9actions interviennent suite aux d\u00e9clarations, non fond\u00e9es, de Mahdi Sifaoui.<\/p>\n<p>Mraihi a affirm\u00e9 qu\u2019il ne s\u2019est pas rendu en France depuis le mois de Novembre et que son dernier voyage \u00e9tait en Suisse au cours du mois de D\u00e9cembre. Il a ajout\u00e9 que le congr\u00e8s a eu lieu le 7 mars, une date o\u00f9 il n\u2019 y avait aucun cas de contamination par le coronavirus \u00e0 Monastir.<\/p>\n<p>Il a, \u00e9galement, d\u00e9clar\u00e9 qu\u2019il s\u2019est confin\u00e9 quand il a su qu\u2019il est atteint de coronavirus soulignant que le minist\u00e8re de la sant\u00e9 ne l\u2019a pas contact\u00e9.<\/p>\n<div class=\"swp_social_panel swp_horizontal_panel swp_flat_fresh swp_default_full_color swp_individual_full_color swp_other_full_color scale-100 scale-\" data-min-width=\"1100\" data-float-color=\"#ffffff\" data-float=\"bottom\" data-float-mobile=\"bottom\" data-transition=\"slide\">\n<div class=\"nc_tweetContainer swp_share_button total_shares total_sharesalt\"><span class=\"swp_count\">1 <span class=\"swp_label\">Partages<\/span><\/span><\/div>\n<\/div>\n<p><strong>Que se passe-t-il en Tunisie?<\/strong><br \/>Nous expliquons sur notre <a href=\"https:\/\/www.youtube.com\/channel\/UCRzypVq0B_yBad5eGrwBx0Q?sub_confirmation=1\" target=\"_blank\" rel=\"noopener noreferrer\">cha\u00eene YouTube<\/a> . <a href=\"https:\/\/www.youtube.com\/channel\/UCRzypVq0B_yBad5eGrwBx0Q?sub_confirmation=1\" target=\"_blank\" rel=\"noopener noreferrer\">Abonnez-vous!<\/a><\/p>\n<div class=\"mvp-org-wrap mvp-org-logo\" itemprop=\"publisher\" itemscope=\"\" itemtype=\"https:\/\/schema.org\/Organization\"><img decoding=\"async\" src=\"https:\/\/www.tunisienumerique.com\/wp-content\/uploads\/2017\/02\/logo_tunisie_numerique.png\"\/><\/div>\n<div class=\"mvp-related-posts left relative\">\n<h4 class=\"post-header\"><span class=\"post-header\">Lire aussi<\/span><\/h4>\n<\/div>\n<div id=\"article-ad\"><ins class=\"adsbygoogle c4\" data-ad-client=\"ca-pub-2102118777505746\" data-ad-slot=\"6513972734\" data-ad-format=\"auto\" data-full-width-responsive=\"true\"\/> <\/div>\n<\/div>\n<div id=\"post-sidebar-wrap\"><ins class=\"adsbygoogle c4\" data-ad-client=\"ca-pub-2102118777505746\" data-ad-slot=\"6168283410\" data-ad-format=\"auto\" data-full-width-responsive=\"true\"\/> <\/div>\n<p>Auteur: Laameri Dorsaf<br \/>\n<a href=\"https:\/\/www.tunisienumerique.com\/tunisie-lotfi-mraihi-repond-aux-personne-qui-lon-attaque-suite-a-sa-contamination-par-le-coronavirus\/\">Cliquez ici pour lire l&rsquo;article depuis sa source.<\/a><\/p>\n","protected":false},"excerpt":{"rendered":"<p>Le secr\u00e9taire g\u00e9n\u00e9ral du parti Union populaire r\u00e9publicaine (UPR) Lotfi Mraihi, a publi\u00e9 un post sur sa page Facebook, apr\u00e8s avoir \u00e9t\u00e9 test\u00e9 positif au coronavirus. Ce message a provoqu\u00e9 beaucoup de r\u00e9actions. A cet effet, le politicien a exprim\u00e9 son \u00e9tonnement de ces r\u00e9actions, en publiant un autre poste Facebook indiquant que ces r\u00e9actions [&hellip;]<\/p>\n","protected":false},"author":1789,"featured_media":79574,"comment_status":"closed","ping_status":"closed","sticky":false,"template":"","format":"standard","meta":{"fifu_image_url":"","fifu_image_alt":"","footnotes":""},"categories":[73,55],"tags":[],"class_list":["post-79573","post","type-post","status-publish","format-standard","has-post-thumbnail","hentry","category-actualite","category-tunisie"],"_links":{"self":[{"href":"https:\/\/linitiative.ca\/International\/wp-json\/wp\/v2\/posts\/79573","targetHints":{"allow":["GET"]}}],"collection":[{"href":"https:\/\/linitiative.ca\/International\/wp-json\/wp\/v2\/posts"}],"about":[{"href":"https:\/\/linitiative.ca\/International\/wp-json\/wp\/v2\/types\/post"}],"author":[{"embeddable":true,"href":"https:\/\/linitiative.ca\/International\/wp-json\/wp\/v2\/users\/1789"}],"replies":[{"embeddable":true,"href":"https:\/\/linitiative.ca\/International\/wp-json\/wp\/v2\/comments?post=79573"}],"version-history":[{"count":0,"href":"https:\/\/linitiative.ca\/International\/wp-json\/wp\/v2\/posts\/79573\/revisions"}],"wp:featuredmedia":[{"embeddable":true,"href":"https:\/\/linitiative.ca\/International\/wp-json\/"}],"wp:attachment":[{"href":"https:\/\/linitiative.ca\/International\/wp-json\/wp\/v2\/media?parent=79573"}],"wp:term":[{"taxonomy":"category","embeddable":true,"href":"https:\/\/linitiative.ca\/International\/wp-json\/wp\/v2\/categories?post=79573"},{"taxonomy":"post_tag","embeddable":true,"href":"https:\/\/linitiative.ca\/International\/wp-json\/wp\/v2\/tags?post=79573"}],"curies":[{"name":"wp","href":"https:\/\/api.w.org\/{rel}","templated":true}]}}