{"id":79575,"date":"2020-03-19T16:31:18","date_gmt":"2020-03-19T20:31:18","guid":{"rendered":"https:\/\/linitiative.ca\/International\/polemique-autour-du-massacre-de-civils-dans-le-yatenga\/"},"modified":"2020-03-19T16:31:18","modified_gmt":"2020-03-19T20:31:18","slug":"polemique-autour-du-massacre-de-civils-dans-le-yatenga","status":"publish","type":"post","link":"https:\/\/linitiative.ca\/International\/polemique-autour-du-massacre-de-civils-dans-le-yatenga\/","title":{"rendered":"POLEMIQUE AUTOUR DU MASSACRE DE CIVILS DANS LE YATENGA"},"content":{"rendered":"<div class=\"stream-item stream-item-above-post-content\">\n<p><noscript><\/p>\n<p><a href=\"\/\/www3.smartadserver.com\/ac?jump=1&amp;nwid=2136&amp;siteid=240610&amp;pgname=rg&amp;fmtid=49046&amp;visit=m&amp;tmstp=[timestamp]&amp;out=nonrich\" target=\"_blank\" rel=\"noopener noreferrer\"><img decoding=\"async\" src=\"http:\/\/www3.smartadserver.com\/ac?out=nonrich&amp;nwid=2136&amp;siteid=240610&amp;pgname=rg&amp;fmtid=49046&amp;visit=m&amp;tmstp=[timestamp]\" border=\"0\" alt=\"\"\/><\/a><\/p>\n<p><\/noscript><\/div>\n<p class=\"c3\"><em>Le massacre d\u2019une quarantaine de civils dans le Yatenga, plus pr\u00e9cis\u00e9ment dans les villages de Barga, Dinguila et Ramdola, fait l\u2019objet de controverse. En effet, pendant que le gouvernement parle d\u2019une attaque perp\u00e9tr\u00e9e par des hommes arm\u00e9s non identifi\u00e9s, d\u2019autres, en l\u2019occurrence une partie de la soci\u00e9t\u00e9 civile soutenue par l\u2019opposition politique, estiment que ce massacre est l\u2019\u0153uvre de groupes d\u2019autod\u00e9fense appel\u00e9s Koglw\u00e9ogo. Dans ces conditions, difficile de dire qui a raison et qui a tort, tant le myst\u00e8re reste entier. Mais je voudrais tout simplement appeler les uns et les autres \u00e0 la raison et \u00e0 la retenue, au regard du contexte s\u00e9curitaire qui est le n\u00f4tre. Pour moi, il y a des propos qu\u2019il ne faut pas tenir, d\u2019autant qu\u2019ils contribuent \u00e0 jeter de l\u2019huile sur le feu. Je le dis parce qu\u2019en soutenant haut et fort que le massacre dans le Yatenga, a \u00e9t\u00e9 commis par des Koglw\u00e9ogo, on contribue, sans le savoir ou sans le vouloir, \u00e0 dresser une communaut\u00e9 contre une autre. Toute chose qui n\u2019est pas de nature \u00e0 arranger les choses. D\u00e9j\u00e0 que l\u2019on n\u2019a pas encore fini de panser les plaies n\u00e9es du drame de Yirgou, je pense qu\u2019il ne faut pas en rajouter \u00e0 la situation qui reste d\u2019ailleurs tr\u00e8s explosive. Il faut donc savoir raison garder. Car, j\u2019ai l\u2019impression que l\u2019on joue parfois le jeu des terroristes qui en profitent pour nous diviser davantage. Et sans faire dans la na\u00efvet\u00e9, je ne comprends pas pourquoi certains ont vite fait d\u2019accuser les Koglw\u00e9ogo dans le drame qui s\u2019est produit dans le Yatenga, la semaine derni\u00e8re. Je m\u2019interroge d\u2019autant plus que l\u2019on a vu parfois des terroristes qui, pour semer la confusion, changent de tenue. Qu\u2019est-ce dit alors que dans le cas d\u2019esp\u00e8ce, ils n\u2019ont pas cherch\u00e9 \u00e0 brouiller les pistes en arborant la tenue des Koglw\u00e9ogo dont il faut parfois reconna\u00eetre les hauts faits d\u2019armes\u00a0? Il ne faut rien exclure puisqu\u2019on a vu parfois des assaillants abattus qui portaient aussi la tenue de nos Forces de d\u00e9fense et de s\u00e9curit\u00e9 (FDS). A preuve, j\u2019ai m\u00eame entendu dire que l\u2019attaque en question a \u00e9t\u00e9 revendiqu\u00e9e par l\u2019Etat islamique (EI). Voyez-vous\u00a0?<\/em><\/p>\n<p class=\"c3\"><strong><em>Ressaisissons-nous\u00a0!<\/em><\/strong><\/p>\n<p class=\"c3\"><em>Je souhaite donc que les uns et les autres fassent preuve de mesure dans ce qu\u2019ils tiennent comme propos. Car, \u00e0 l\u2019allure o\u00f9 vont les choses, nous risquons, nous-m\u00eames, par notre comportement, d\u2019aggraver la situation. Et l\u2019ennemi commun, soyez-en rassur\u00e9s, rira sous cape s\u2019il n\u2019en profitera pas pour nous pourrir davantage la vie. C\u2019est pourquoi je demande \u00e0 tous de faire confiance en la Justice qui, avec l\u2019enqu\u00eate d\u00e9j\u00e0 ouverte sur le terrain, travaillera \u00e0 \u00e9lucider toutes les zones d\u2019ombres de sorte \u00e0 situer les responsabilit\u00e9s dans ce massacre indigne d\u2019une \u00e9poque civilis\u00e9e. Tel est mon souhait. Et j\u2019ose esp\u00e9rer que dans l\u2019int\u00e9r\u00eat sup\u00e9rieur de la Nation, les uns et les autres partageront cet avis. Car, n\u2019oublions surtout pas qu\u2019autant nos a\u00efeux nous ont l\u00e9gu\u00e9 un pays de paix pour ne pas dire un havre paradisiaque, autant nous avons l\u2019obligation de r\u00e9server un Burkina viable \u00e0 nos enfants sous peine de nous voir jug\u00e9s devant le tribunal de l\u2019Histoire. Donc, ressaisissons-nous\u00a0!<\/em><\/p>\n<p class=\"c3\"><strong><em>\u00ab\u00a0Le Fou\u00a0\u00bb<\/em><\/strong><\/p>\n<p>Auteur: Le Pays<br \/>\n<a href=\"http:\/\/lepays.bf\/polemique-autour-du-massacre-de-civils-dans-le-yatenga\/\">Cliquez ici pour lire l&rsquo;article depuis sa source.<\/a><\/p>\n","protected":false},"excerpt":{"rendered":"<p>Le massacre d\u2019une quarantaine de civils dans le Yatenga, plus pr\u00e9cis\u00e9ment dans les villages de Barga, Dinguila et Ramdola, fait l\u2019objet de controverse. En effet, pendant que le gouvernement parle d\u2019une attaque perp\u00e9tr\u00e9e par des hommes arm\u00e9s non identifi\u00e9s, d\u2019autres, en l\u2019occurrence une partie de la soci\u00e9t\u00e9 civile soutenue par l\u2019opposition politique, estiment que ce [&hellip;]<\/p>\n","protected":false},"author":1813,"featured_media":0,"comment_status":"closed","ping_status":"closed","sticky":false,"template":"","format":"standard","meta":{"fifu_image_url":"","fifu_image_alt":"","footnotes":""},"categories":[73,81],"tags":[],"class_list":["post-79575","post","type-post","status-publish","format-standard","hentry","category-actualite","category-burkina-faso"],"_links":{"self":[{"href":"https:\/\/linitiative.ca\/International\/wp-json\/wp\/v2\/posts\/79575","targetHints":{"allow":["GET"]}}],"collection":[{"href":"https:\/\/linitiative.ca\/International\/wp-json\/wp\/v2\/posts"}],"about":[{"href":"https:\/\/linitiative.ca\/International\/wp-json\/wp\/v2\/types\/post"}],"author":[{"embeddable":true,"href":"https:\/\/linitiative.ca\/International\/wp-json\/wp\/v2\/users\/1813"}],"replies":[{"embeddable":true,"href":"https:\/\/linitiative.ca\/International\/wp-json\/wp\/v2\/comments?post=79575"}],"version-history":[{"count":0,"href":"https:\/\/linitiative.ca\/International\/wp-json\/wp\/v2\/posts\/79575\/revisions"}],"wp:attachment":[{"href":"https:\/\/linitiative.ca\/International\/wp-json\/wp\/v2\/media?parent=79575"}],"wp:term":[{"taxonomy":"category","embeddable":true,"href":"https:\/\/linitiative.ca\/International\/wp-json\/wp\/v2\/categories?post=79575"},{"taxonomy":"post_tag","embeddable":true,"href":"https:\/\/linitiative.ca\/International\/wp-json\/wp\/v2\/tags?post=79575"}],"curies":[{"name":"wp","href":"https:\/\/api.w.org\/{rel}","templated":true}]}}