{"id":79576,"date":"2020-03-19T16:35:39","date_gmt":"2020-03-19T20:35:39","guid":{"rendered":"https:\/\/linitiative.ca\/International\/sortie-de-loms-sur-le-covid-19-en-afrique\/"},"modified":"2020-03-19T16:35:39","modified_gmt":"2020-03-19T20:35:39","slug":"sortie-de-loms-sur-le-covid-19-en-afrique","status":"publish","type":"post","link":"https:\/\/linitiative.ca\/International\/sortie-de-loms-sur-le-covid-19-en-afrique\/","title":{"rendered":"SORTIE DE L\u2019OMS SUR LE COVID-19 EN AFRIQUE"},"content":{"rendered":"<div class=\"stream-item stream-item-above-post-content\">\n<p><noscript><\/p>\n<p><a href=\"\/\/www3.smartadserver.com\/ac?jump=1&amp;nwid=2136&amp;siteid=240610&amp;pgname=rg&amp;fmtid=49046&amp;visit=m&amp;tmstp=[timestamp]&amp;out=nonrich\" target=\"_blank\" rel=\"noopener noreferrer\"><img decoding=\"async\" src=\"http:\/\/www3.smartadserver.com\/ac?out=nonrich&amp;nwid=2136&amp;siteid=240610&amp;pgname=rg&amp;fmtid=49046&amp;visit=m&amp;tmstp=[timestamp]\" border=\"0\" alt=\"\"\/><\/a><\/p>\n<p><\/noscript><\/div>\n<p class=\"c3\"><em>Au moment o\u00f9 le monde entier fait difficilement face \u00e0 la pand\u00e9mie du coronavirus qui, apr\u00e8s la Chine d\u2019o\u00f9 elle est partie, fait des ravages en Europe qui en est devenue l\u2019\u00e9picentre, l\u2019Organisation mondiale de la sant\u00e9 (OMS) appelle l\u2019Afrique \u00e0 \u00ab\u00a0se r\u00e9veiller\u00a0\u00bb face \u00e0 la progression du virus, en ne manquant pas de lui demander de se pr\u00e9parer au \u00ab\u00a0pire\u00a0\u00bb. C\u2019\u00e9tait le 18 mars dernier, au d\u00e9tour d\u2019une conf\u00e9rence de presse virtuelle au cours de laquelle le patron de l\u2019institution, Tedros Adhanom Ghebreyesus, a donn\u00e9 des chiffres sur l\u2019\u00e9volution de la maladie, qui font ressortir que \u00ab\u00a0plus de 200\u00a0000 cas ont \u00e9t\u00e9 signal\u00e9s \u00e0 l\u2019OMS et plus de 8\u00a0000 personnes ont perdu la vie\u00a0\u00bb. Premier Africain \u00e0 \u00eatre \u00e9lu \u00e0 ce poste qu\u2019il occupe depuis 2017, l\u2019Ethiopien, tout en soulignant que 80% des cas ont \u00e9t\u00e9 recens\u00e9s en Europe et dans le Pacifique occidental, s\u2019est voulu alarmiste pour son continent qu\u2019il appelle \u00e0 sortir de sa l\u00e9thargie\u00a0: \u00ab\u00a0Le meilleur conseil pour l\u2019Afrique est de se pr\u00e9parer au pire et de se pr\u00e9parer d\u00e8s aujourd\u2019hui\u00a0\u00bb, a-t-il lanc\u00e9.<\/em><\/p>\n<p class=\"c3\"><strong><em>Il faut craindre que le Covid-19 ne trouve au continent noir, un terreau fertile de propagation rapide et \u00e0 grande \u00e9chelle<\/em><\/strong><\/p>\n<p class=\"c3\"><em>La question que l\u2019on pourrait se poser est de savoir si ce coup de semonce arrive \u00e0 point nomm\u00e9 ou s\u2019il est d\u00e9j\u00e0 trop tard. Cette question se pose avec d\u2019autant plus d\u2019acuit\u00e9 que l\u2019Afrique, qui a \u00e9t\u00e9 tardivement affect\u00e9e par la pand\u00e9mie, a non seulement vu venir le danger, mais n\u2019a pas su se pr\u00e9munir contre. Maintenant que le ver est dans le fruit, saura-t-elle apporter la riposte ad\u00e9quate\u00a0? On peut raisonnablement en douter. Car, avec la faiblesse du syst\u00e8me sanitaire qu\u2019on lui conna\u00eet, ajout\u00e9e au d\u00e9nuement de populations majoritairement analphab\u00e8tes, il faut craindre que le Covid-19 ne trouve au continent noir, un terreau fertile de propagation rapide et \u00e0 grande \u00e9chelle. Une telle \u00e9ventualit\u00e9 est d\u2019autant plus \u00e0 redouter qu\u2019en cas de contamination massive de populations comme, par exemple, en Italie ou en France, l\u2019Afrique est mal \u00e9quip\u00e9e pour assurer une prise en charge d\u2019un flux massif de malades. Non seulement les plateaux techniques et de r\u00e9animation, quand ils existent, sont g\u00e9n\u00e9ralement confin\u00e9s dans les capitales au d\u00e9triment du reste du pays, mais aussi ces plateaux risquent de conna\u00eetre un engorgement rapide du fait de leur capacit\u00e9 r\u00e9duite de r\u00e9ception de patients. S\u2019il faut ajouter \u00e0 cela, le manque d\u2019\u00e9quipements du personnel de sant\u00e9 qui, de son c\u00f4t\u00e9, pourrait \u00eatre vite d\u00e9bord\u00e9, on peut comprendre le cri d\u2019alarme du Directeur g\u00e9n\u00e9ral de l\u2019OMS qui, \u00e0 bien des \u00e9gards, ressemble plut\u00f4t \u00e0 un cri de d\u00e9tresse. Comment pourrait-il en \u00eatre autrement quand on voit le lourd tribut que payent d\u00e9j\u00e0 des nations comme l\u2019Italie, la France ou encore l\u2019Iran qui sont des pays autrement plus nantis que les pays africains, mais qui peinent \u00e0 faire face \u00e0 la pand\u00e9mie, malgr\u00e9 les mesures drastiques de confinement total adopt\u00e9es par endroits\u00a0? Rien qu\u2019\u00e0 l\u2019\u00e9voquer, on refuse de penser \u00e0 une telle extr\u00e9mit\u00e9 en Afrique o\u00f9 la majorit\u00e9 des populations vivent au jour le jour, et risquent, le cas \u00e9ch\u00e9ant, d\u2019\u00eatre pouss\u00e9es par la faim, \u00e0 ne pas supporter d\u2019\u00e9ventuelles mesures de confinement. D\u00e9j\u00e0, la peur de la mise en quarantaine semble pousser certains \u00e0 ne pas se d\u00e9clarer aux autorit\u00e9s quand bien m\u00eame ils ont \u00e9t\u00e9 en pr\u00e9sence de cas contacts.<\/em><\/p>\n<p class=\"c3\"><strong><em>Le salut de l\u2019Afrique est dans la pr\u00e9vention<\/em><\/strong><\/p>\n<p class=\"c3\"><em>C\u2019est dire si au niveau des populations, on ne semble pas avoir pris toute la mesure du p\u00e9ril face \u00e0 ce virus hautement nocif que d\u2019aucuns continuent de qualifier de maladie de Blancs. Comment, dans ces conditions, peut-on esp\u00e9rer arriver \u00e0 des r\u00e9sultats probants dans la lutte contre la propagation du virus, s\u2019il n\u2019y a pas une v\u00e9ritable prise de conscience collective pour amener les populations \u00e0 la discipline et au sens de la responsabilit\u00e9 ?\u00a0<\/em> <em>En tout \u00e9tat de cause, face \u00e0 cette redoutable pand\u00e9mie, en attendant la mise au point de traitements, l\u2019on est port\u00e9 \u00e0 croire que le salut de l\u2019Afrique est dans la pr\u00e9vention, pour esp\u00e9rer une propagation la moins large possible de la maladie. C\u2019est pourquoi l\u2019on attend de voir si cette interpellation du patron de l\u2019OMS servira au renforcement des mesures pr\u00e9ventives par les gouvernants africains qui semblent, par endroits, d\u00e9j\u00e0 d\u00e9pass\u00e9s par une crise sanitaire \u00e0 laquelle ils n\u2019\u00e9taient visiblement pas pr\u00e9par\u00e9s \u00e0 faire face. Et entre le dilemme de se montrer r\u00e9actifs et la volont\u00e9 de ne pas semer la psychose au sein des populations, on peut comprendre que les dirigeants africains donnent parfois le sentiment de faire dans le t\u00e2tonnement. Mais aussi alarmiste qu\u2019elle puisse para\u00eetre, cette sortie de l\u2019OMS rend service au continent africain. Car, c\u2019est une triste r\u00e9alit\u00e9 que les Africains ne sauraient contourner, au moment o\u00f9 la maladie semble encore au stade embryonnaire. La question est maintenant de savoir s\u2019il n\u2019est pas trop tard. Car, alors que certains pays du continent n\u2019ont toujours pas connu de cas confirm\u00e9s, d\u2019autres, comme le Burkina Faso ou le S\u00e9n\u00e9gal, se retrouvent pratiquement dans la riposte, avec la forte probabilit\u00e9 de nombreux cas de malades qui s\u2019ignorent dans la nature, et qui sont autant de vecteurs potentiels de la maladie. C\u2019est dire s\u2019il faut, d\u00e8s \u00e0 pr\u00e9sent, v\u00e9ritablement envisager le pire et mettre les bouch\u00e9es doubles pour se pr\u00e9parer en cons\u00e9quence.<\/em><\/p>\n<p class=\"c3\"><strong><em>\u00ab\u00a0Le Pays\u00a0\u00bb<\/em><\/strong><\/p>\n<p>Auteur: Le Pays<br \/>\n<a href=\"http:\/\/lepays.bf\/sortie-de-loms-sur-le-covid-19-en-afrique\/\">Cliquez ici pour lire l&rsquo;article depuis sa source.<\/a><\/p>\n","protected":false},"excerpt":{"rendered":"<p>Au moment o\u00f9 le monde entier fait difficilement face \u00e0 la pand\u00e9mie du coronavirus qui, apr\u00e8s la Chine d\u2019o\u00f9 elle est partie, fait des ravages en Europe qui en est devenue l\u2019\u00e9picentre, l\u2019Organisation mondiale de la sant\u00e9 (OMS) appelle l\u2019Afrique \u00e0 \u00ab\u00a0se r\u00e9veiller\u00a0\u00bb face \u00e0 la progression du virus, en ne manquant pas de lui [&hellip;]<\/p>\n","protected":false},"author":1813,"featured_media":0,"comment_status":"closed","ping_status":"closed","sticky":false,"template":"","format":"standard","meta":{"fifu_image_url":"","fifu_image_alt":"","footnotes":""},"categories":[73,81],"tags":[],"class_list":["post-79576","post","type-post","status-publish","format-standard","hentry","category-actualite","category-burkina-faso"],"_links":{"self":[{"href":"https:\/\/linitiative.ca\/International\/wp-json\/wp\/v2\/posts\/79576","targetHints":{"allow":["GET"]}}],"collection":[{"href":"https:\/\/linitiative.ca\/International\/wp-json\/wp\/v2\/posts"}],"about":[{"href":"https:\/\/linitiative.ca\/International\/wp-json\/wp\/v2\/types\/post"}],"author":[{"embeddable":true,"href":"https:\/\/linitiative.ca\/International\/wp-json\/wp\/v2\/users\/1813"}],"replies":[{"embeddable":true,"href":"https:\/\/linitiative.ca\/International\/wp-json\/wp\/v2\/comments?post=79576"}],"version-history":[{"count":0,"href":"https:\/\/linitiative.ca\/International\/wp-json\/wp\/v2\/posts\/79576\/revisions"}],"wp:attachment":[{"href":"https:\/\/linitiative.ca\/International\/wp-json\/wp\/v2\/media?parent=79576"}],"wp:term":[{"taxonomy":"category","embeddable":true,"href":"https:\/\/linitiative.ca\/International\/wp-json\/wp\/v2\/categories?post=79576"},{"taxonomy":"post_tag","embeddable":true,"href":"https:\/\/linitiative.ca\/International\/wp-json\/wp\/v2\/tags?post=79576"}],"curies":[{"name":"wp","href":"https:\/\/api.w.org\/{rel}","templated":true}]}}