{"id":79577,"date":"2020-03-19T16:38:02","date_gmt":"2020-03-19T20:38:02","guid":{"rendered":"https:\/\/linitiative.ca\/International\/demission-de-marcel-amon-tanoh\/"},"modified":"2020-03-19T16:38:02","modified_gmt":"2020-03-19T20:38:02","slug":"demission-de-marcel-amon-tanoh","status":"publish","type":"post","link":"https:\/\/linitiative.ca\/International\/demission-de-marcel-amon-tanoh\/","title":{"rendered":"DEMISSION DE MARCEL AMON-TANOH"},"content":{"rendered":"<div class=\"stream-item stream-item-above-post-content\">\n<p><noscript><\/p>\n<p><a href=\"\/\/www3.smartadserver.com\/ac?jump=1&amp;nwid=2136&amp;siteid=240610&amp;pgname=rg&amp;fmtid=49046&amp;visit=m&amp;tmstp=[timestamp]&amp;out=nonrich\" target=\"_blank\" rel=\"noopener noreferrer\"><img decoding=\"async\" src=\"http:\/\/www3.smartadserver.com\/ac?out=nonrich&amp;nwid=2136&amp;siteid=240610&amp;pgname=rg&amp;fmtid=49046&amp;visit=m&amp;tmstp=[timestamp]\" border=\"0\" alt=\"\"\/><\/a><\/p>\n<p><\/noscript><\/div>\n<p class=\"c3\"><em>Le ministre des Affaires \u00e9trang\u00e8res de C\u00f4te d\u2019Ivoire, Marcel Amon-Tanoh, a annonc\u00e9, hier, 19 mars 2020, sa d\u00e9mission du gouvernement. Pour l\u2019heure, il est difficile de donner les raisons exactes de cette d\u00e9cision. Mais tout laisse croire qu\u2019elle est li\u00e9e au choc des ambitions au sein de la famille politique. En effet, Marcel Amon-Tanoh qui est l\u2019un des fid\u00e8les parmi les plus fid\u00e8les compagnons du pr\u00e9sident Alassane Ouattara, nourrissait le secret espoir de se voir d\u00e9sign\u00e9 par le locataire du palais de Cocody pour briguer la magistrature supr\u00eame. Mais depuis la d\u00e9signation de Amadou Gon Coulibaly comme candidat du RHDP pour la pr\u00e9sidentielle d\u2019octobre 2020, ce r\u00eave s\u2019est transform\u00e9 en cauchemar. Aux dires de certains, Marcel Amon-Tanoh aurait m\u00eame souhait\u00e9 qu\u2019il y ait des primaires au sein du RHDP afin de choisir le meilleur parmi les meilleurs. V\u0153u qui, malheureusement, n\u2019aura pas \u00e9t\u00e9 exauc\u00e9 puisque le Grand Sachem a pr\u00e9f\u00e9r\u00e9 d\u00e9signer Amadou Gon Coulibaly comme porte-\u00e9tendard de la coalition. Cette d\u00e9cision unilat\u00e9rale d\u2019ADO n\u2019aurait pas \u00e9t\u00e9 du go\u00fbt de certains cadres du RHDP parmi lesquels, Marcel Amon-Tanoh. C\u2019est dire si cette d\u00e9mission de l\u2019ex-ministre des Affaires \u00e9trang\u00e8res \u00e9tait pr\u00e9visible. Maintenant qu\u2019elle est effective, quelles cons\u00e9quences aura-telle sur la vie du partie? Faut-il s\u2019attendre \u00e0 d\u2019autres d\u00e9parts\u00a0? On attend de voir. Le moins que l\u2019on puisse dire, c\u2019est que la d\u00e9mission du d\u00e9sormais ex-ministre des Affaires \u00e9trang\u00e8res n\u2019est pas pour renforcer la coh\u00e9sion et la s\u00e9r\u00e9nit\u00e9 au sein de la famille RHDP. Ce d\u2019autant que l\u2019homme n\u2019est pas n\u2019importe qui. Faut-il le souligner, le rockeur de 67 ans aura \u00e9t\u00e9 le confident d\u2019ADO pendant plus d\u2019un quart de si\u00e8cle. Discret mais omnipr\u00e9sent, Marcel Amon-Tanoh a toujours travaill\u00e9 aux c\u00f4t\u00e9s d\u2019ADO dans l\u2019ombre comme dans la lumi\u00e8re.<\/em><\/p>\n<p class=\"c3\"><strong><em>ADO devrait plus travailler \u00e0 rassembler ses collaborateurs qu\u2019\u00e0 les diviser<\/em><\/strong><\/p>\n<p class=\"c3\"><em>Avec cette d\u00e9mission, faut-il croire que la lune de miel entre lui et ADO est termin\u00e9e\u00a0? Pas si s\u00fbr. On est d\u2019autant plus fond\u00e9 \u00e0 le penser qu\u2019en politique, les ententes et les m\u00e9sententes ont toujours \u00e9maill\u00e9 la carri\u00e8re, de ceux qui en font leur sport favori. Marcel Amon-Tanoh est certes, d\u00e9sabus\u00e9, f\u00e2ch\u00e9, mais de l\u00e0 \u00e0 croire qu\u2019il entrera en r\u00e9bellion avec son ex-mentor, c\u2019est un pas qu\u2019il faut se garder de franchir. Ce d\u2019autant plus que ceux qui ont os\u00e9 le d\u00e9fier \u00e0 l\u2019image de l\u2019ex-pr\u00e9sident de l\u2019Assembl\u00e9e nationale, Guillaume Soro, ont laiss\u00e9 des plumes. Cela dit, ADO devrait plus travailler \u00e0 rassembler ses collaborateurs. A quelques mois de la pr\u00e9sidentielle, une telle d\u00e9mission peut constituer un coup dur pour la coalition, sans oublier le fait que des adversaires politiques pourraient s\u2019en servir pour d\u00e9cocher des fl\u00e8ches \u00e0 ADO. En tout cas, s\u2019il y a un camp qui rit sous cape, c\u2019est bien l\u2019opposition, elle qui est vent debout contre le r\u00e9gime d\u2019ADO \u00e0 cause de la composition de la CEI. Il faut, du reste, souhaiter que ce bras de fer entre la majorit\u00e9 et l\u2019opposition ne d\u00e9bouche pas sur une crise post\u00e9lectorale. La C\u00f4te d\u2019Ivoire qui n\u2019a pas fini de panser ses plaises cons\u00e9cutives \u00e0 la crise politique de 2010-2011, n\u2019en a pas besoin.<\/em><\/p>\n<p class=\"c3\"><strong><em>DZ<\/em><\/strong><\/p>\n<p>Auteur: Le Pays<br \/>\n<a href=\"http:\/\/lepays.bf\/demission-de-marcel-amon-tanoh\/\">Cliquez ici pour lire l&rsquo;article depuis sa source.<\/a><\/p>\n","protected":false},"excerpt":{"rendered":"<p>Le ministre des Affaires \u00e9trang\u00e8res de C\u00f4te d\u2019Ivoire, Marcel Amon-Tanoh, a annonc\u00e9, hier, 19 mars 2020, sa d\u00e9mission du gouvernement. Pour l\u2019heure, il est difficile de donner les raisons exactes de cette d\u00e9cision. Mais tout laisse croire qu\u2019elle est li\u00e9e au choc des ambitions au sein de la famille politique. En effet, Marcel Amon-Tanoh qui [&hellip;]<\/p>\n","protected":false},"author":1813,"featured_media":0,"comment_status":"closed","ping_status":"closed","sticky":false,"template":"","format":"standard","meta":{"fifu_image_url":"","fifu_image_alt":"","footnotes":""},"categories":[73,81],"tags":[],"class_list":["post-79577","post","type-post","status-publish","format-standard","hentry","category-actualite","category-burkina-faso"],"_links":{"self":[{"href":"https:\/\/linitiative.ca\/International\/wp-json\/wp\/v2\/posts\/79577","targetHints":{"allow":["GET"]}}],"collection":[{"href":"https:\/\/linitiative.ca\/International\/wp-json\/wp\/v2\/posts"}],"about":[{"href":"https:\/\/linitiative.ca\/International\/wp-json\/wp\/v2\/types\/post"}],"author":[{"embeddable":true,"href":"https:\/\/linitiative.ca\/International\/wp-json\/wp\/v2\/users\/1813"}],"replies":[{"embeddable":true,"href":"https:\/\/linitiative.ca\/International\/wp-json\/wp\/v2\/comments?post=79577"}],"version-history":[{"count":0,"href":"https:\/\/linitiative.ca\/International\/wp-json\/wp\/v2\/posts\/79577\/revisions"}],"wp:attachment":[{"href":"https:\/\/linitiative.ca\/International\/wp-json\/wp\/v2\/media?parent=79577"}],"wp:term":[{"taxonomy":"category","embeddable":true,"href":"https:\/\/linitiative.ca\/International\/wp-json\/wp\/v2\/categories?post=79577"},{"taxonomy":"post_tag","embeddable":true,"href":"https:\/\/linitiative.ca\/International\/wp-json\/wp\/v2\/tags?post=79577"}],"curies":[{"name":"wp","href":"https:\/\/api.w.org\/{rel}","templated":true}]}}