{"id":79578,"date":"2020-03-19T16:41:02","date_gmt":"2020-03-19T20:41:02","guid":{"rendered":"https:\/\/linitiative.ca\/International\/double-scrutin-en-guinee\/"},"modified":"2020-03-19T16:41:02","modified_gmt":"2020-03-19T20:41:02","slug":"double-scrutin-en-guinee","status":"publish","type":"post","link":"https:\/\/linitiative.ca\/International\/double-scrutin-en-guinee\/","title":{"rendered":"DOUBLE SCRUTIN EN GUINEE"},"content":{"rendered":"<div class=\"stream-item stream-item-above-post-content\">\n<p><noscript><\/p>\n<p><a href=\"\/\/www3.smartadserver.com\/ac?jump=1&amp;nwid=2136&amp;siteid=240610&amp;pgname=rg&amp;fmtid=49046&amp;visit=m&amp;tmstp=[timestamp]&amp;out=nonrich\" target=\"_blank\" rel=\"noopener noreferrer\"><img decoding=\"async\" src=\"http:\/\/www3.smartadserver.com\/ac?out=nonrich&amp;nwid=2136&amp;siteid=240610&amp;pgname=rg&amp;fmtid=49046&amp;visit=m&amp;tmstp=[timestamp]\" border=\"0\" alt=\"\"\/><\/a><\/p>\n<p><\/noscript><\/div>\n<p class=\"c3\"><em>Les l\u00e9gislatives coupl\u00e9es au r\u00e9f\u00e9rendum en Guin\u00e9e auront lieu, en principe, le 22 mars prochain. A quelques jours de ce scrutin qui cristallise toutes les attentions, la tension ne fait que monter. Alors que le pr\u00e9sident Alpha Cond\u00e9 ne veut pas se laisser prendre au pi\u00e8ge de la date butoir du 21 avril, d\u00e9lai \u00e0 partir duquel, selon les dispositions de la Charte de l\u2019UA et de la CEDEAO, il peut dire adieu \u00e0 son r\u00eave de tripatouillage constitutionnel pour se maintenir au pouvoir, l\u2019opposition, elle, n\u2019entend pas se laisser conter fleurette. Alors que le bras de fer ne ramollit pas entre les deux camps, un troisi\u00e8me larron s\u2019invite au d\u00e9bat : le coronavirus. En effet, alors que s\u2019avance \u00e0 grands pas la double consultation \u00e9lectorale, le pays a annonc\u00e9 son premier cas de malade victime du COVID-19. M\u00eame si \u00e0 l\u2019\u00e9chelle du pays, l\u2019on n\u2019a pas encore franchi le seuil \u00e9pid\u00e9miologique, la question que l\u2019on peut, tout de suite, se poser est la suivante : quel sera l\u2019impact de la pand\u00e9mie du coronavirus sur le scrutin ?<\/em><\/p>\n<p class=\"c3\"><strong><em>Les risques d\u2019un fiasco \u00e9lectoral suffiront-ils \u00e0 faire reculer le satrape\u00a0?<\/em><\/strong><\/p>\n<p class=\"c3\"><em>M\u00eame si comparaison n\u2019est pas raison, l\u2019on peut se demander si l\u2019on ne s\u2019achemine pas vers le sc\u00e9nario fran\u00e7ais o\u00f9, malgr\u00e9 le contexte \u00e9pid\u00e9miologique, l\u2019Ex\u00e9cutif fran\u00e7ais avait maintenu le premier tour des \u00e9lections municipales, avec le r\u00e9sultat que l\u2019on sait : un taux record d\u2019abstention de plus de 60%. M\u00eame si l\u2019urgence sanitaire fran\u00e7aise du fait de l\u2019\u00e9pid\u00e9mie du coronavirus, n\u2019a rien \u00e0 voir avec le cas guin\u00e9en qui n\u2019en est qu\u2019\u00e0 ses d\u00e9buts, l\u2019on peut facilement imaginer que la psychose que la maladie provoque sur le continent, peut constituer un frein \u00e0 la participation \u00e0 l\u2019\u00e9lection du 22 mars. Et voil\u00e0 qui devrait, en tout cas, apporter de l\u2019eau au moulin de l\u2019opposition qui appelle les Guin\u00e9ens \u00e0 boycotter le scrutin et \u00e0 l\u2019emp\u00eacher par tous les moyens. Mais les risques d\u2019un fiasco \u00e9lectoral suffiront-ils \u00e0 faire reculer le satrape ? Sans trop grand risque de se tromper, l\u2019on peut r\u00e9pondre par la n\u00e9gative. Et pour cause. D\u2019abord, un responsable gouvernemental guin\u00e9en ne s\u2019est pas g\u00ean\u00e9 de traiter le seul cas d\u2019infection au Covid-19, de \u00ab probl\u00e8me mineur \u00bb. Ensuite, Alpha Cond\u00e9 n\u2019est certainement pas Emmanuel Macron. Car, plut\u00f4t qu\u2019un report du scrutin, Cond\u00e9 n\u2019h\u00e9site pas \u00e0 user du virus pour mettre sous l\u2019\u00e9teignoir les aspirations d\u00e9mocratiques de son peuple. Pour preuve, la pand\u00e9mie a servi de pr\u00e9texte pour ajourner la mission de haut niveau de la Communaut\u00e9 des Etats d\u2019Afrique de l\u2019Ouest (CEDEAO), qui devait se rendre \u00e0 Conakry le 17 mars pour une ultime m\u00e9diation avec le chef de l\u2019Etat guin\u00e9en.\u00a0 Si l\u2019on ne peut donc douter de l\u2019ent\u00eatement du pr\u00e9sident Alpha Cond\u00e9 \u00e0 organiser contre vents et mar\u00e9es son scrutin, l\u2019on peut, tout de m\u00eame, s\u2019interroger sur son sens de la responsabilit\u00e9 en tant que chef de l\u2019Etat. A l\u2019heure o\u00f9 le mot d\u2019ordre partout dans le monde est \u00e0 l\u2019interdiction des rassemblements des populations pour freiner la propagation du coronavirus, Alpha Cond\u00e9 va-t-il envoyer les Guin\u00e9ens \u00e0 l\u2019abattoir ? S\u2019est-il m\u00eame souci\u00e9 des mesures de distanciation dans les files humaines, de la dotation des populations en masques et des mesures d\u2019hygi\u00e8ne \u00e0 prendre dans les bureaux de vote pour prot\u00e9ger les \u00e9lecteurs ?<\/em><\/p>\n<p class=\"c3\"><strong><em>Il appartient au peuple guin\u00e9en de prendre ses responsabilit\u00e9s<\/em><\/strong><\/p>\n<p class=\"c3\"><em>Quoi qu\u2019il en soit, il appartient \u00e0 Cellou Dalein Diallo et \u00e0 ses camarades du Front national pour la d\u00e9fense de la Constitution (FNDC), d\u2019exploiter au mieux cette irresponsabilit\u00e9 du chef de l\u2019Etat au service de leur lutte : faire \u00e9chec au scrutin anti-d\u00e9mocratique du 22 mars 2020. L\u2019on peut d\u2019ailleurs d\u00e9j\u00e0 leur tresser des lauriers pour n\u2019avoir recul\u00e9 devant rien pour emp\u00eacher cette forfaiture ; en t\u00e9moigne la saisine de la Cour de Justice de la CEDEAO contre la Guin\u00e9e, la Commission de la CEDEAO et les 14 membres pour manquements \u00e0 leurs obligations de protection des droits de l\u2019Homme, de l\u2019Etat de droit, de la d\u00e9mocratie et de l\u2019ordre constitutionnel. Le FNDC estime, en effet, qu\u2019il est de la responsabilit\u00e9 de la CEDEAO, en tant que garante ultime du respect des droits de l\u2019Homme et de l\u2019ordre constitutionnel, de veiller au respect, par les Etats membres, de l\u2019application de ces r\u00e8gles imp\u00e9ratives d\u2019une part, et de faire en sorte que les Etats membres qui n\u2019honorent pas leurs obligations soient frapp\u00e9s de sanctions judiciaires et politiques d\u2019autre part.\u00a0 En attendant que les pressions exerc\u00e9es par le FNDC sur Alpha Cond\u00e9 portent fruit, il appartient au peuple guin\u00e9en de prendre ses responsabilit\u00e9s en obligeant le satrape \u00e0 abandonner son projet aventurier qui menace gravement la paix et la stabilit\u00e9 d\u2019un pays de 12 millions d\u2019\u00e2mes et qui est un maillon essentiel de la CEDEAO. En tout cas, le FNDC doit, de ce fait, dans une volont\u00e9 commune de tourner la page des dictateurs qui se sont succ\u00e9d\u00e9 \u00e0 la t\u00eate de l\u2019Etat guin\u00e9en depuis l\u2019accession du pays \u00e0 la souverainet\u00e9 internationale sans v\u00e9ritablement r\u00e9ussir \u00e0 le lancer sur l\u2019orbite du d\u00e9veloppement, faire \u00e9chec \u00e0 ce scrutin.<\/em><\/p>\n<p class=\"c3\"><strong><em>\u00ab\u00a0Le Pays\u00a0\u00bb<\/em><\/strong><\/p>\n<p>Auteur: Le Pays<br \/>\n<a href=\"http:\/\/lepays.bf\/double-scrutin-en-guinee-2\/\">Cliquez ici pour lire l&rsquo;article depuis sa source.<\/a><\/p>\n","protected":false},"excerpt":{"rendered":"<p>Les l\u00e9gislatives coupl\u00e9es au r\u00e9f\u00e9rendum en Guin\u00e9e auront lieu, en principe, le 22 mars prochain. A quelques jours de ce scrutin qui cristallise toutes les attentions, la tension ne fait que monter. Alors que le pr\u00e9sident Alpha Cond\u00e9 ne veut pas se laisser prendre au pi\u00e8ge de la date butoir du 21 avril, d\u00e9lai \u00e0 [&hellip;]<\/p>\n","protected":false},"author":1813,"featured_media":0,"comment_status":"closed","ping_status":"closed","sticky":false,"template":"","format":"standard","meta":{"fifu_image_url":"","fifu_image_alt":"","footnotes":""},"categories":[73,81],"tags":[],"class_list":["post-79578","post","type-post","status-publish","format-standard","hentry","category-actualite","category-burkina-faso"],"_links":{"self":[{"href":"https:\/\/linitiative.ca\/International\/wp-json\/wp\/v2\/posts\/79578","targetHints":{"allow":["GET"]}}],"collection":[{"href":"https:\/\/linitiative.ca\/International\/wp-json\/wp\/v2\/posts"}],"about":[{"href":"https:\/\/linitiative.ca\/International\/wp-json\/wp\/v2\/types\/post"}],"author":[{"embeddable":true,"href":"https:\/\/linitiative.ca\/International\/wp-json\/wp\/v2\/users\/1813"}],"replies":[{"embeddable":true,"href":"https:\/\/linitiative.ca\/International\/wp-json\/wp\/v2\/comments?post=79578"}],"version-history":[{"count":0,"href":"https:\/\/linitiative.ca\/International\/wp-json\/wp\/v2\/posts\/79578\/revisions"}],"wp:attachment":[{"href":"https:\/\/linitiative.ca\/International\/wp-json\/wp\/v2\/media?parent=79578"}],"wp:term":[{"taxonomy":"category","embeddable":true,"href":"https:\/\/linitiative.ca\/International\/wp-json\/wp\/v2\/categories?post=79578"},{"taxonomy":"post_tag","embeddable":true,"href":"https:\/\/linitiative.ca\/International\/wp-json\/wp\/v2\/tags?post=79578"}],"curies":[{"name":"wp","href":"https:\/\/api.w.org\/{rel}","templated":true}]}}